{"id":4044,"date":"2018-07-10T09:49:41","date_gmt":"2018-07-10T12:49:41","guid":{"rendered":"http:\/\/4cantosalagoas.com.br\/portal\/?p=4044"},"modified":"2018-07-10T09:49:41","modified_gmt":"2018-07-10T12:49:41","slug":"em-reforma-praca-do-skate-e-alvo-de-vandalismo","status":"publish","type":"post","link":"https:\/\/4cantosalagoas.com.br\/portal\/em-reforma-praca-do-skate-e-alvo-de-vandalismo\/","title":{"rendered":"Em reforma, Pra\u00e7a do Skate \u00e9 alvo de vandalismo"},"content":{"rendered":"<div id=\"area_impressao\">\n<div class=\"col-xl-12\">\n<div class=\"resumo fz18 cinza text-justify\">\n<figure id=\"attachment_4045\" aria-describedby=\"caption-attachment-4045\" style=\"width: 300px\" class=\"wp-caption alignleft\"><img fetchpriority=\"high\" decoding=\"async\" class=\"size-medium wp-image-4045\" src=\"http:\/\/4cantosalagoas.com.br\/portal\/wp-content\/uploads\/2018\/07\/abc12-300x295.jpeg\" alt=\"\" width=\"300\" height=\"295\" srcset=\"https:\/\/4cantosalagoas.com.br\/portal\/wp-content\/uploads\/2018\/07\/abc12-300x295.jpeg 300w, https:\/\/4cantosalagoas.com.br\/portal\/wp-content\/uploads\/2018\/07\/abc12-80x80.jpeg 80w, https:\/\/4cantosalagoas.com.br\/portal\/wp-content\/uploads\/2018\/07\/abc12-375x369.jpeg 375w, https:\/\/4cantosalagoas.com.br\/portal\/wp-content\/uploads\/2018\/07\/abc12-465x457.jpeg 465w, https:\/\/4cantosalagoas.com.br\/portal\/wp-content\/uploads\/2018\/07\/abc12-509x500.jpeg 509w, https:\/\/4cantosalagoas.com.br\/portal\/wp-content\/uploads\/2018\/07\/abc12-45x45.jpeg 45w, https:\/\/4cantosalagoas.com.br\/portal\/wp-content\/uploads\/2018\/07\/abc12.jpeg 750w\" sizes=\"(max-width: 300px) 100vw, 300px\" \/><figcaption id=\"caption-attachment-4045\" class=\"wp-caption-text\">Foto: Semds<\/figcaption><\/figure>\n<p>A revitaliza\u00e7\u00e3o da Pra\u00e7a do Skate, no bairro de Ponta Verde, ainda n\u00e3o terminou, mas o espa\u00e7o j\u00e1 foi alvo da a\u00e7\u00e3o de v\u00e2ndalos. Nessa segunda-feira (09), durante vistoria no local, t\u00e9cnicos da Secretaria Municipal de Desenvolvimento Sustent\u00e1vel (Semds), que \u00e9 a respons\u00e1vel pela obra de revitaliza\u00e7\u00e3o, identificaram picha\u00e7\u00f5es na pista de skate. As frases foram escritas dias ap\u00f3s o in\u00edcio da recupera\u00e7\u00e3o do equipamento voltado \u00e0 pr\u00e1tica esportiva. Titular da Semds, Gustavo Acioli Torres afirmou que os autores da a\u00e7\u00e3o j\u00e1 foram identificados e as medidas cab\u00edveis ser\u00e3o adotadas junto \u00e0s autoridades policiais.<\/p>\n<p>\u201c\u00c9 lament\u00e1vel presenciar atos como este, sobretudo pelo dano gerado em um espa\u00e7o que est\u00e1 sendo recuperado para servir \u00e0 popula\u00e7\u00e3o. N\u00e3o \u00e9 somente o custo com o material que novamente vai ser utilizado. Envolve tempo, j\u00e1 que a equipe vai ter que parar e voltar pra refazer algo que j\u00e1 havia sido feito. Mesmo em um per\u00edodo de restri\u00e7\u00f5es financeiras, a Prefeitura tem realizado investimentos em recursos pr\u00f3prios para construir e revitalizar pra\u00e7as e espa\u00e7os de lazer, mas infelizmente ainda registramos a a\u00e7\u00e3o dos v\u00e2ndalos, que destroem as \u00e1reas p\u00fablicas da cidade\u201d, comentou o secret\u00e1rio.<\/p>\n<p>Gustavo Acioli Torres afirmou que, ap\u00f3s o registro do fato,\u00a0um Boletim de Ocorr\u00eancia ser\u00e1 registrado na Pol\u00edcia Civil nesta ter\u00e7a-feira (10). Este tipo de a\u00e7\u00e3o \u00e9 tipificada como crime ambiental. Segundo prev\u00ea o C\u00f3digo Municipal de Prote\u00e7\u00e3o ao Meio Ambiente, em seu artigo 178, inciso IX, \u201ccausar danos de qualquer forma \u00e0s pra\u00e7as e \u00e1reas verdes gera multa\u201d. Quem for flagrado ou denunciado, pagar\u00e1 de acordo com a infra\u00e7\u00e3o cujo valor \u00e9 calculado pelo departamento jur\u00eddico da Semds. \u201c\u00c9 importante lembrar que o C\u00f3digo Penal Brasileiro tamb\u00e9m tipifica, no artigo 163, o vandalismo como uma a\u00e7\u00e3o pass\u00edvel de deten\u00e7\u00e3o de seis meses a tr\u00eas anos, al\u00e9m de multa conforme o dano\u201d, esclareceu o gestor.<\/p>\n<p>Em perfis nas redes sociais, Gustavo Acioli Torres comentou sobre o caso e convidou artistas que se expressam por meio do grafite a fazer interven\u00e7\u00f5es no local.<\/p>\n<p>\u201cInfelizmente algumas pessoas n\u00e3o t\u00eam o menor respeito por nossa cidade e pelos espa\u00e7os p\u00fablicos. Se acham no direito de vandalizar uma revitaliza\u00e7\u00e3o que est\u00e1 sendo feita em prol de toda a cidade. N\u00e3o sabem quantas pessoas se envolveram e trabalharam para que a obra sa\u00edsse do papel, e que o dinheiro investido \u00e9 p\u00fablico. Isso n\u00e3o \u00e9 protesto, \u00e9 crime. Voltarei a fazer um B.O. e desde j\u00e1 convido os artistas de rua da cidade que queiram fazer uma interven\u00e7\u00e3o na pista de skate, estamos abertos para aprovamos um trabalho neste sentido. O que n\u00e3o ser\u00e1 permitido \u00e9 o vandalismo\u201d, escreveu Torres.<\/p>\n<p>O titular da Semds lembrou, ainda, que a Prefeitura disp\u00f5e \u00e0 popula\u00e7\u00e3o canais que recebem den\u00fancias, meios pelos quais o cidad\u00e3o pode ajudar a inibir a a\u00e7\u00e3o de v\u00e2ndalos, colaborando com a preserva\u00e7\u00e3o do patrim\u00f4nio p\u00fablico. O gestor orientou que, ao presenciar atos de degrada\u00e7\u00e3o, o maceioense deve comunicar \u00e0 Semds por meio dos n\u00fameros 3315-4735 e 3315-4739. A den\u00fancia tamb\u00e9m deve ser feita pelo n\u00famero 153, na Guarda Municipal ou, de imediato, o cidad\u00e3o pode acionar a Pol\u00edcia Militar pelo n\u00famero 181.<\/p>\n<p>Lucas Alc\u00e2ntara \/ Ascom Semds<\/p>\n<\/div>\n<\/div>\n<\/div>\n<div class=\"col-xl-12\"><\/div>\n<div class=\"col-xl-12\">\n<div class=\"row mt40\">\n<div class=\"col barra-dinamica mb20\"><\/div>\n<\/div>\n<\/div>\n","protected":false},"excerpt":{"rendered":"<p>A revitaliza\u00e7\u00e3o da Pra\u00e7a do Skate, no bairro de Ponta Verde, ainda n\u00e3o terminou, mas o espa\u00e7o<\/p>\n","protected":false},"author":1,"featured_media":4045,"comment_status":"open","ping_status":"open","sticky":false,"template":"","format":"standard","meta":{"footnotes":""},"categories":[60],"tags":[],"class_list":["post-4044","post","type-post","status-publish","format-standard","has-post-thumbnail","hentry","category-capa"],"_links":{"self":[{"href":"https:\/\/4cantosalagoas.com.br\/portal\/wp-json\/wp\/v2\/posts\/4044","targetHints":{"allow":["GET"]}}],"collection":[{"href":"https:\/\/4cantosalagoas.com.br\/portal\/wp-json\/wp\/v2\/posts"}],"about":[{"href":"https:\/\/4cantosalagoas.com.br\/portal\/wp-json\/wp\/v2\/types\/post"}],"author":[{"embeddable":true,"href":"https:\/\/4cantosalagoas.com.br\/portal\/wp-json\/wp\/v2\/users\/1"}],"replies":[{"embeddable":true,"href":"https:\/\/4cantosalagoas.com.br\/portal\/wp-json\/wp\/v2\/comments?post=4044"}],"version-history":[{"count":1,"href":"https:\/\/4cantosalagoas.com.br\/portal\/wp-json\/wp\/v2\/posts\/4044\/revisions"}],"predecessor-version":[{"id":4046,"href":"https:\/\/4cantosalagoas.com.br\/portal\/wp-json\/wp\/v2\/posts\/4044\/revisions\/4046"}],"wp:featuredmedia":[{"embeddable":true,"href":"https:\/\/4cantosalagoas.com.br\/portal\/wp-json\/wp\/v2\/media\/4045"}],"wp:attachment":[{"href":"https:\/\/4cantosalagoas.com.br\/portal\/wp-json\/wp\/v2\/media?parent=4044"}],"wp:term":[{"taxonomy":"category","embeddable":true,"href":"https:\/\/4cantosalagoas.com.br\/portal\/wp-json\/wp\/v2\/categories?post=4044"},{"taxonomy":"post_tag","embeddable":true,"href":"https:\/\/4cantosalagoas.com.br\/portal\/wp-json\/wp\/v2\/tags?post=4044"}],"curies":[{"name":"wp","href":"https:\/\/api.w.org\/{rel}","templated":true}]}}