{"id":3874,"date":"2018-06-28T08:09:04","date_gmt":"2018-06-28T11:09:04","guid":{"rendered":"http:\/\/4cantosalagoas.com.br\/portal\/?p=3874"},"modified":"2018-06-28T08:09:04","modified_gmt":"2018-06-28T11:09:04","slug":"dupla-e-flagrada-pela-policia-com-objetos-roubados","status":"publish","type":"post","link":"https:\/\/4cantosalagoas.com.br\/portal\/dupla-e-flagrada-pela-policia-com-objetos-roubados\/","title":{"rendered":"Dupla \u00e9 flagrada pela pol\u00edcia com objetos roubados"},"content":{"rendered":"<figure id=\"attachment_3875\" aria-describedby=\"caption-attachment-3875\" style=\"width: 300px\" class=\"wp-caption alignleft\"><img fetchpriority=\"high\" decoding=\"async\" class=\"size-medium wp-image-3875\" src=\"http:\/\/4cantosalagoas.com.br\/portal\/wp-content\/uploads\/2018\/06\/pias-300x209.jpeg\" alt=\"\" width=\"300\" height=\"209\" srcset=\"https:\/\/4cantosalagoas.com.br\/portal\/wp-content\/uploads\/2018\/06\/pias-300x209.jpeg 300w, https:\/\/4cantosalagoas.com.br\/portal\/wp-content\/uploads\/2018\/06\/pias-375x261.jpeg 375w, https:\/\/4cantosalagoas.com.br\/portal\/wp-content\/uploads\/2018\/06\/pias-360x250.jpeg 360w, https:\/\/4cantosalagoas.com.br\/portal\/wp-content\/uploads\/2018\/06\/pias.jpeg 460w\" sizes=\"(max-width: 300px) 100vw, 300px\" \/><figcaption id=\"caption-attachment-3875\" class=\"wp-caption-text\">Dupla foi presa em Pia\u00e7abu\u00e7u<br \/>Reprodu\u00e7\u00e3o<\/figcaption><\/figure>\n<p>Militares do 11\u00ba Batalh\u00e3o de Pol\u00edcia Militar (11\u00ba BPM) do munic\u00edpio de Pia\u00e7abu\u00e7u prenderam os dois homens acusados de arrombar e assaltar a casa de um idoso, no \u00faltimo dia 25, no Povoado Sudene.<\/p>\n<p>Diego Silva Santos e Jos\u00e9 Ant\u00f4nio, que n\u00e3o tiveram suas idades reveladas, foram flagrados com objetos id\u00eanticos aos que foram levados da casa arrombada: um aparelho de som, uma televis\u00e3o e um botij\u00e3o de g\u00e1s.<\/p>\n<p>De acordo com informa\u00e7\u00f5es policiais, a dupla recebeu voz de pris\u00e3o e, depois, encaminhados at\u00e9 a Delegacia Regional de Penedo.<\/p>\n<p>Diego e Jos\u00e9 Ant\u00f4nio receberam voz de pris\u00e3o e foram encaminhados \u00e0 Delegacia Regional de Penedo para autua\u00e7\u00e3o em flagrante de furto qualificado. Depois, os homens foram levados at\u00e9 a carceragem da delegacia de Igreja Nova.<\/p>\n<p>Fonte: 7segundos<\/p>\n","protected":false},"excerpt":{"rendered":"<p>Militares do 11\u00ba Batalh\u00e3o de Pol\u00edcia Militar (11\u00ba BPM) do munic\u00edpio de Pia\u00e7abu\u00e7u prenderam os dois homens<\/p>\n","protected":false},"author":1,"featured_media":3875,"comment_status":"open","ping_status":"open","sticky":false,"template":"","format":"standard","meta":{"footnotes":""},"categories":[60],"tags":[],"class_list":["post-3874","post","type-post","status-publish","format-standard","has-post-thumbnail","hentry","category-capa"],"_links":{"self":[{"href":"https:\/\/4cantosalagoas.com.br\/portal\/wp-json\/wp\/v2\/posts\/3874","targetHints":{"allow":["GET"]}}],"collection":[{"href":"https:\/\/4cantosalagoas.com.br\/portal\/wp-json\/wp\/v2\/posts"}],"about":[{"href":"https:\/\/4cantosalagoas.com.br\/portal\/wp-json\/wp\/v2\/types\/post"}],"author":[{"embeddable":true,"href":"https:\/\/4cantosalagoas.com.br\/portal\/wp-json\/wp\/v2\/users\/1"}],"replies":[{"embeddable":true,"href":"https:\/\/4cantosalagoas.com.br\/portal\/wp-json\/wp\/v2\/comments?post=3874"}],"version-history":[{"count":1,"href":"https:\/\/4cantosalagoas.com.br\/portal\/wp-json\/wp\/v2\/posts\/3874\/revisions"}],"predecessor-version":[{"id":3876,"href":"https:\/\/4cantosalagoas.com.br\/portal\/wp-json\/wp\/v2\/posts\/3874\/revisions\/3876"}],"wp:featuredmedia":[{"embeddable":true,"href":"https:\/\/4cantosalagoas.com.br\/portal\/wp-json\/wp\/v2\/media\/3875"}],"wp:attachment":[{"href":"https:\/\/4cantosalagoas.com.br\/portal\/wp-json\/wp\/v2\/media?parent=3874"}],"wp:term":[{"taxonomy":"category","embeddable":true,"href":"https:\/\/4cantosalagoas.com.br\/portal\/wp-json\/wp\/v2\/categories?post=3874"},{"taxonomy":"post_tag","embeddable":true,"href":"https:\/\/4cantosalagoas.com.br\/portal\/wp-json\/wp\/v2\/tags?post=3874"}],"curies":[{"name":"wp","href":"https:\/\/api.w.org\/{rel}","templated":true}]}}