{"id":3150,"date":"2018-05-19T09:34:28","date_gmt":"2018-05-19T12:34:28","guid":{"rendered":"http:\/\/4cantosalagoas.com.br\/portal\/?p=3150"},"modified":"2018-05-19T09:34:28","modified_gmt":"2018-05-19T12:34:28","slug":"sao-joao-prefeitura-divulga-programacao-do-arraial-central","status":"publish","type":"post","link":"https:\/\/4cantosalagoas.com.br\/portal\/sao-joao-prefeitura-divulga-programacao-do-arraial-central\/","title":{"rendered":"S\u00e3o Jo\u00e3o: Prefeitura divulga programa\u00e7\u00e3o do Arraial Central"},"content":{"rendered":"<figure id=\"attachment_3151\" aria-describedby=\"caption-attachment-3151\" style=\"width: 300px\" class=\"wp-caption alignleft\"><img decoding=\"async\" class=\"size-medium wp-image-3151\" src=\"http:\/\/4cantosalagoas.com.br\/portal\/wp-content\/uploads\/2018\/05\/prais-300x140.jpg\" alt=\"\" width=\"300\" height=\"140\" srcset=\"https:\/\/4cantosalagoas.com.br\/portal\/wp-content\/uploads\/2018\/05\/prais-300x140.jpg 300w, https:\/\/4cantosalagoas.com.br\/portal\/wp-content\/uploads\/2018\/05\/prais-768x358.jpg 768w, https:\/\/4cantosalagoas.com.br\/portal\/wp-content\/uploads\/2018\/05\/prais-375x175.jpg 375w, https:\/\/4cantosalagoas.com.br\/portal\/wp-content\/uploads\/2018\/05\/prais-465x217.jpg 465w, https:\/\/4cantosalagoas.com.br\/portal\/wp-content\/uploads\/2018\/05\/prais-695x324.jpg 695w, https:\/\/4cantosalagoas.com.br\/portal\/wp-content\/uploads\/2018\/05\/prais-920x425.jpg 920w, https:\/\/4cantosalagoas.com.br\/portal\/wp-content\/uploads\/2018\/05\/prais.jpg 1000w\" sizes=\"(max-width: 300px) 100vw, 300px\" \/><figcaption id=\"caption-attachment-3151\" class=\"wp-caption-text\">Assessoria<\/figcaption><\/figure>\n<p>Falta pouco mais de um m\u00eas para o in\u00edcio do S\u00e3o Jo\u00e3o de Macei\u00f3. Neste ano, a programa\u00e7\u00e3o do Arraial Central acontecer\u00e1 entre os dias 22\u00a0e 30 de junho no tradicional bairro do Jaragu\u00e1. Os cantores Batista Lima, Cezinha, L\u00e9o Magalh\u00e3es, Mar\u00edlia Mendon\u00e7a e Gusttavo Lima ser\u00e3o atra\u00e7\u00f5es do palco principal, que ficar\u00e1 localizado no estacionamento do Jaragu\u00e1.<\/p>\n<p>O \u201cS\u00e3o Jo\u00e3o de Macei\u00f3 \u00e9 Praia, Festa e Forr\u00f3\u201d ser\u00e1 realizado por meio de uma parceria entre a Prefeitura de Macei\u00f3 e a empresa Branco Promo\u00e7\u00f5es e Eventos, vencedora da licita\u00e7\u00e3o p\u00fablica lan\u00e7ada em 2017. Al\u00e9m do palco principal, a grande estrutura a ser instalada no Jaragu\u00e1 contar\u00e1 com os Arraiais do Forr\u00f3 P\u00e9 de Serra e do Forrock, Vila Cenogr\u00e1fica e Pavilh\u00e3o das Quadrilhas.<\/p>\n<p>A abertura oficial do S\u00e3o Jo\u00e3o 2018 acontecer\u00e1 no dia 21 de junho com o Trem do Forr\u00f3, que celebrar\u00e1 a tradicional m\u00fasica nordestina durante uma verdadeira \u201cviagem musical\u201d iniciada na esta\u00e7\u00e3o do Jaragu\u00e1 e finalizada em Fern\u00e3o Velho. Al\u00e9m disso, durante os festejos juninos da capital, o forr\u00f3 tamb\u00e9m animar\u00e1 os mercados do Jaragu\u00e1, da Produ\u00e7\u00e3o e do Artesanato.<\/p>\n<p>Al\u00e9m das atra\u00e7\u00f5es que participar\u00e3o da programa\u00e7\u00e3o do palco principal, o S\u00e3o Jo\u00e3o 2018 contar\u00e1 com as apresenta\u00e7\u00f5es de 12 bandas e 30 trios de forr\u00f3 no Arraial do Forr\u00f3 P\u00e9 de Serra e de seis bandas de m\u00fasica alternativa no Arraial do Forrock.<\/p>\n<p><strong>Festa nas comunidades e\u00a0Editais<\/strong><\/p>\n<p>A Prefeitura tamb\u00e9m vai apoiar os festejos juninos organizados nos bairros de Macei\u00f3, beneficiando 50 comunidades da capital com cach\u00eas de ajuda de custo.<\/p>\n<p>As bandas e os trios de m\u00fasica nordestina ser\u00e3o selecionados por meio de um edital lan\u00e7ado pela Funda\u00e7\u00e3o Municipal de A\u00e7\u00e3o Cultural (Fmac). Os trios receber\u00e3o R$ 3 mil e as bandas de forr\u00f3 e de m\u00fasica alternativa R$ 8mil e R$ 5 mil, respectivamente.<\/p>\n<p><strong>Confira a programa\u00e7\u00e3o completa do Arraial Central:<\/strong><\/p>\n<p><strong>22\/06<\/strong><\/p>\n<p>Lula Sabi\u00e1<\/p>\n<p>Rafa Mesquita<\/p>\n<p>Batista Lima<\/p>\n<p><strong>23\/06<\/strong><\/p>\n<p>Ti\u00e3o Marcolino<\/p>\n<p>Anderson Fidellis<\/p>\n<p>Cezinha<\/p>\n<p><strong>24\/06<\/strong><\/p>\n<p>Eliezer Setton<\/p>\n<p>Calango Aceso<\/p>\n<p>L\u00e9o Magalh\u00e3es<\/p>\n<p><strong>29\/06<\/strong><\/p>\n<p>Messias Lima<\/p>\n<p>Iohannes<\/p>\n<p>Mar\u00edlia Mendon\u00e7a<\/p>\n<p><strong>30\/06<\/strong><\/p>\n<p>Gustavo Lima<\/p>\n<p>Nanara Bello<\/p>\n<p>Saia Rodada<\/p>\n<p>Robson Muller\/ Ascom Fmac<\/p>\n","protected":false},"excerpt":{"rendered":"<p>Falta pouco mais de um m\u00eas para o in\u00edcio do S\u00e3o Jo\u00e3o de Macei\u00f3. Neste ano, a<\/p>\n","protected":false},"author":1,"featured_media":3151,"comment_status":"open","ping_status":"open","sticky":false,"template":"","format":"standard","meta":{"footnotes":""},"categories":[60],"tags":[],"class_list":["post-3150","post","type-post","status-publish","format-standard","has-post-thumbnail","hentry","category-capa"],"_links":{"self":[{"href":"https:\/\/4cantosalagoas.com.br\/portal\/wp-json\/wp\/v2\/posts\/3150","targetHints":{"allow":["GET"]}}],"collection":[{"href":"https:\/\/4cantosalagoas.com.br\/portal\/wp-json\/wp\/v2\/posts"}],"about":[{"href":"https:\/\/4cantosalagoas.com.br\/portal\/wp-json\/wp\/v2\/types\/post"}],"author":[{"embeddable":true,"href":"https:\/\/4cantosalagoas.com.br\/portal\/wp-json\/wp\/v2\/users\/1"}],"replies":[{"embeddable":true,"href":"https:\/\/4cantosalagoas.com.br\/portal\/wp-json\/wp\/v2\/comments?post=3150"}],"version-history":[{"count":1,"href":"https:\/\/4cantosalagoas.com.br\/portal\/wp-json\/wp\/v2\/posts\/3150\/revisions"}],"predecessor-version":[{"id":3152,"href":"https:\/\/4cantosalagoas.com.br\/portal\/wp-json\/wp\/v2\/posts\/3150\/revisions\/3152"}],"wp:featuredmedia":[{"embeddable":true,"href":"https:\/\/4cantosalagoas.com.br\/portal\/wp-json\/wp\/v2\/media\/3151"}],"wp:attachment":[{"href":"https:\/\/4cantosalagoas.com.br\/portal\/wp-json\/wp\/v2\/media?parent=3150"}],"wp:term":[{"taxonomy":"category","embeddable":true,"href":"https:\/\/4cantosalagoas.com.br\/portal\/wp-json\/wp\/v2\/categories?post=3150"},{"taxonomy":"post_tag","embeddable":true,"href":"https:\/\/4cantosalagoas.com.br\/portal\/wp-json\/wp\/v2\/tags?post=3150"}],"curies":[{"name":"wp","href":"https:\/\/api.w.org\/{rel}","templated":true}]}}