{"id":3109,"date":"2018-05-17T08:54:12","date_gmt":"2018-05-17T11:54:12","guid":{"rendered":"http:\/\/4cantosalagoas.com.br\/portal\/?p=3109"},"modified":"2018-05-17T08:54:12","modified_gmt":"2018-05-17T11:54:12","slug":"pinacoteca-da-ufal-realiza-conversa-de-arte-em-comemoracao-ao-dia-internacional-dos-museus","status":"publish","type":"post","link":"https:\/\/4cantosalagoas.com.br\/portal\/pinacoteca-da-ufal-realiza-conversa-de-arte-em-comemoracao-ao-dia-internacional-dos-museus\/","title":{"rendered":"Pinacoteca da Ufal realiza Conversa de Arte em comemora\u00e7\u00e3o ao Dia Internacional dos Museus"},"content":{"rendered":"<figure id=\"attachment_3110\" aria-describedby=\"caption-attachment-3110\" style=\"width: 300px\" class=\"wp-caption alignleft\"><img fetchpriority=\"high\" decoding=\"async\" class=\"size-medium wp-image-3110\" src=\"http:\/\/4cantosalagoas.com.br\/portal\/wp-content\/uploads\/2018\/05\/asra-300x257.jpg\" alt=\"\" width=\"300\" height=\"257\" srcset=\"https:\/\/4cantosalagoas.com.br\/portal\/wp-content\/uploads\/2018\/05\/asra-300x257.jpg 300w, https:\/\/4cantosalagoas.com.br\/portal\/wp-content\/uploads\/2018\/05\/asra-375x322.jpg 375w, https:\/\/4cantosalagoas.com.br\/portal\/wp-content\/uploads\/2018\/05\/asra-465x399.jpg 465w, https:\/\/4cantosalagoas.com.br\/portal\/wp-content\/uploads\/2018\/05\/asra-583x500.jpg 583w, https:\/\/4cantosalagoas.com.br\/portal\/wp-content\/uploads\/2018\/05\/asra.jpg 646w\" sizes=\"(max-width: 300px) 100vw, 300px\" \/><figcaption id=\"caption-attachment-3110\" class=\"wp-caption-text\">Divulgal\u00e7\u00e3o<\/figcaption><\/figure>\n<p dir=\"ltr\">Como parte da programa\u00e7\u00e3o da 16\u00aa Semana de Museus, a Pinacoteca Universit\u00e1ria realizar\u00e1 um bate-papo sobre o tema desta edi\u00e7\u00e3o e seus aspectos, nesta quinta-feira (17), a partir das 17h30. A Conversa de Arte \u00e9 uma atividade gratuita e recorrente na pauta do museu, e dessa vez emitir\u00e1 certificado de participa\u00e7\u00e3o para os estudantes presentes.<\/p>\n<p>Com o tema \u201cMuseus hiperconectados: novas abordagens, novos p\u00fablicos\u201d, o Instituto Brasileiro de Museus (Ibram) promove a 16\u00aa Semana de Museus, que acontece em todo o Brasil entre os dias 14 e 20 de maio. A Pinacoteca ir\u00e1 explorar as possibilidades de di\u00e1logos que o tema proporciona, estruturando o evento em dois blocos complementares, nos quais os convidados ir\u00e3o compartilhar seus pontos de vista acerca da arte e suas possibilidades tecnol\u00f3gicas.<\/p>\n<p>O primeiro bloco ser\u00e1 uma conversa sobre a exposi\u00e7\u00e3o \u201cPerspectiva de Mim\u201d, que atualmente est\u00e1 em exibi\u00e7\u00e3o nos sal\u00f5es da Pinacoteca, com a artista Rosa Maria Piatti e os curadores Rog\u00e9rio Gomes e Rafael Almeida, que discutir\u00e3o a respeito do conceito e das especificidades t\u00e9cnicas da mostra.<\/p>\n<p>Em seguida, no segundo bloco, receberemos o documentarista e designer Werner Salles Bagetti que abordar\u00e1 o tema \u201cMuseus, Arte e Tecnologia: Experi\u00eancias e Pr\u00e1ticas\u201d em seu discurso. Contando ainda com a presen\u00e7a da artista visual Marianna Bernardes, que ir\u00e1 discutir a respeito do assunto \u201cVideoarte e Hiperconectividade\u201d.<\/p>\n<p>A atividade tem o intuito de promover o di\u00e1logo com a a\u00e7\u00e3o cultural do Ibram que acontece todos os anos em comemora\u00e7\u00e3o ao Dia Internacional dos Museus, celebrado em 18 de maio. A Pinacoteca tamb\u00e9m continuar\u00e1 disponibilizando visitas guiadas, individuais e para grupos diversos durante todo o per\u00edodo do evento no hor\u00e1rio normal de funcionamento.<\/p>\n<p>O encerramento da Conversa de Arte ter\u00e1 a presen\u00e7a do m\u00fasico Luiz Luan, que apresentar\u00e1 seu repert\u00f3rio em voz e viol\u00e3o, com a participa\u00e7\u00e3o do multi-instrumentista Matheus Miranda.<\/p>\n<p>Assessoria<\/p>\n","protected":false},"excerpt":{"rendered":"<p>Como parte da programa\u00e7\u00e3o da 16\u00aa Semana de Museus, a Pinacoteca Universit\u00e1ria realizar\u00e1 um bate-papo sobre o<\/p>\n","protected":false},"author":1,"featured_media":3110,"comment_status":"open","ping_status":"open","sticky":false,"template":"","format":"standard","meta":{"footnotes":""},"categories":[60],"tags":[],"class_list":["post-3109","post","type-post","status-publish","format-standard","has-post-thumbnail","hentry","category-capa"],"_links":{"self":[{"href":"https:\/\/4cantosalagoas.com.br\/portal\/wp-json\/wp\/v2\/posts\/3109","targetHints":{"allow":["GET"]}}],"collection":[{"href":"https:\/\/4cantosalagoas.com.br\/portal\/wp-json\/wp\/v2\/posts"}],"about":[{"href":"https:\/\/4cantosalagoas.com.br\/portal\/wp-json\/wp\/v2\/types\/post"}],"author":[{"embeddable":true,"href":"https:\/\/4cantosalagoas.com.br\/portal\/wp-json\/wp\/v2\/users\/1"}],"replies":[{"embeddable":true,"href":"https:\/\/4cantosalagoas.com.br\/portal\/wp-json\/wp\/v2\/comments?post=3109"}],"version-history":[{"count":1,"href":"https:\/\/4cantosalagoas.com.br\/portal\/wp-json\/wp\/v2\/posts\/3109\/revisions"}],"predecessor-version":[{"id":3111,"href":"https:\/\/4cantosalagoas.com.br\/portal\/wp-json\/wp\/v2\/posts\/3109\/revisions\/3111"}],"wp:featuredmedia":[{"embeddable":true,"href":"https:\/\/4cantosalagoas.com.br\/portal\/wp-json\/wp\/v2\/media\/3110"}],"wp:attachment":[{"href":"https:\/\/4cantosalagoas.com.br\/portal\/wp-json\/wp\/v2\/media?parent=3109"}],"wp:term":[{"taxonomy":"category","embeddable":true,"href":"https:\/\/4cantosalagoas.com.br\/portal\/wp-json\/wp\/v2\/categories?post=3109"},{"taxonomy":"post_tag","embeddable":true,"href":"https:\/\/4cantosalagoas.com.br\/portal\/wp-json\/wp\/v2\/tags?post=3109"}],"curies":[{"name":"wp","href":"https:\/\/api.w.org\/{rel}","templated":true}]}}