{"id":3104,"date":"2018-05-17T08:45:03","date_gmt":"2018-05-17T11:45:03","guid":{"rendered":"http:\/\/4cantosalagoas.com.br\/portal\/?p=3104"},"modified":"2018-05-17T08:45:03","modified_gmt":"2018-05-17T11:45:03","slug":"policia-civil-de-alagoas-participa-de-operacao-nacional-luz-da-infancia-ii","status":"publish","type":"post","link":"https:\/\/4cantosalagoas.com.br\/portal\/policia-civil-de-alagoas-participa-de-operacao-nacional-luz-da-infancia-ii\/","title":{"rendered":"Pol\u00edcia Civil de Alagoas participa de opera\u00e7\u00e3o nacional Luz da Inf\u00e2ncia II"},"content":{"rendered":"<figure id=\"attachment_3105\" aria-describedby=\"caption-attachment-3105\" style=\"width: 300px\" class=\"wp-caption alignleft\"><img fetchpriority=\"high\" decoding=\"async\" class=\"size-medium wp-image-3105\" src=\"http:\/\/4cantosalagoas.com.br\/portal\/wp-content\/uploads\/2018\/05\/poli-300x169.jpg\" alt=\"\" width=\"300\" height=\"169\" srcset=\"https:\/\/4cantosalagoas.com.br\/portal\/wp-content\/uploads\/2018\/05\/poli-300x169.jpg 300w, https:\/\/4cantosalagoas.com.br\/portal\/wp-content\/uploads\/2018\/05\/poli-375x211.jpg 375w, https:\/\/4cantosalagoas.com.br\/portal\/wp-content\/uploads\/2018\/05\/poli-465x262.jpg 465w, https:\/\/4cantosalagoas.com.br\/portal\/wp-content\/uploads\/2018\/05\/poli-690x392.jpg 690w, https:\/\/4cantosalagoas.com.br\/portal\/wp-content\/uploads\/2018\/05\/poli-695x391.jpg 695w, https:\/\/4cantosalagoas.com.br\/portal\/wp-content\/uploads\/2018\/05\/poli.jpg 696w\" sizes=\"(max-width: 300px) 100vw, 300px\" \/><figcaption id=\"caption-attachment-3105\" class=\"wp-caption-text\">Assessoria<\/figcaption><\/figure>\n<p>Assessoria<\/p>\n<p>Cerca de 70 policiais civis, coordenados pela delegada Adriana Gusm\u00e3o, da delegacia especializada dos crimes contra \u00e0 crian\u00e7a e adolescente, com o apoio de nove delegados, participaram da opera\u00e7\u00e3o nacional Luz da Inf\u00e2ncia II, em Macei\u00f3 e Rio Largo.<\/p>\n<p>Nove mandados de busca e apreens\u00f5es foram cumpridos e at\u00e9 o momento, tr\u00eas homens foram presos acusados de crimes contra a dignidade sexual de crian\u00e7as e adolescentes.<\/p>\n<p>A Pol\u00edcia Civil apreendeu diversos aparelhos de celulares e HDs de computadores.<\/p>\n<p>Participaram da opera\u00e7\u00e3o os delegados Fabr\u00edcio Lima, Marcos Lins, Sheila Carvalho, Barbara Arraes, Antonio Edson, Maria Tereza Ramos, Paula Merc\u00eas e Elisabeth Sampaio e policiais civis do Tigre (T\u00e1tico Integrado de resgates especiais), Asfixia, Oplit (Opera\u00e7\u00e3o Policial Litor\u00eanea) , N\u00facleo de Intelig\u00eancia da delegacia geral e delegacias distritais e especializadas da capital e regi\u00e3o metropolitana.<\/p>\n<p>Os mandados de busca foram expedidos 14\u00aa Vara criminal e Vara criminal de Rio Largo.<\/p>\n<p>Adriana Gusm\u00e3o informou ainda que uma entrevista coletiva ser\u00e1 concedida \u00e0 imprensa as 11h, na sede da Pol\u00edcia Civil, em Jacarecica.<\/p>\n","protected":false},"excerpt":{"rendered":"<p>Assessoria Cerca de 70 policiais civis, coordenados pela delegada Adriana Gusm\u00e3o, da delegacia especializada dos crimes contra<\/p>\n","protected":false},"author":1,"featured_media":3105,"comment_status":"open","ping_status":"open","sticky":false,"template":"","format":"standard","meta":{"footnotes":""},"categories":[60],"tags":[],"class_list":["post-3104","post","type-post","status-publish","format-standard","has-post-thumbnail","hentry","category-capa"],"_links":{"self":[{"href":"https:\/\/4cantosalagoas.com.br\/portal\/wp-json\/wp\/v2\/posts\/3104","targetHints":{"allow":["GET"]}}],"collection":[{"href":"https:\/\/4cantosalagoas.com.br\/portal\/wp-json\/wp\/v2\/posts"}],"about":[{"href":"https:\/\/4cantosalagoas.com.br\/portal\/wp-json\/wp\/v2\/types\/post"}],"author":[{"embeddable":true,"href":"https:\/\/4cantosalagoas.com.br\/portal\/wp-json\/wp\/v2\/users\/1"}],"replies":[{"embeddable":true,"href":"https:\/\/4cantosalagoas.com.br\/portal\/wp-json\/wp\/v2\/comments?post=3104"}],"version-history":[{"count":1,"href":"https:\/\/4cantosalagoas.com.br\/portal\/wp-json\/wp\/v2\/posts\/3104\/revisions"}],"predecessor-version":[{"id":3106,"href":"https:\/\/4cantosalagoas.com.br\/portal\/wp-json\/wp\/v2\/posts\/3104\/revisions\/3106"}],"wp:featuredmedia":[{"embeddable":true,"href":"https:\/\/4cantosalagoas.com.br\/portal\/wp-json\/wp\/v2\/media\/3105"}],"wp:attachment":[{"href":"https:\/\/4cantosalagoas.com.br\/portal\/wp-json\/wp\/v2\/media?parent=3104"}],"wp:term":[{"taxonomy":"category","embeddable":true,"href":"https:\/\/4cantosalagoas.com.br\/portal\/wp-json\/wp\/v2\/categories?post=3104"},{"taxonomy":"post_tag","embeddable":true,"href":"https:\/\/4cantosalagoas.com.br\/portal\/wp-json\/wp\/v2\/tags?post=3104"}],"curies":[{"name":"wp","href":"https:\/\/api.w.org\/{rel}","templated":true}]}}