{"id":3099,"date":"2018-05-16T11:42:15","date_gmt":"2018-05-16T14:42:15","guid":{"rendered":"http:\/\/4cantosalagoas.com.br\/portal\/?p=3099"},"modified":"2018-05-16T11:42:15","modified_gmt":"2018-05-16T14:42:15","slug":"prefeitura-abre-inscricoes-para-oficinas-de-receitas-juninas","status":"publish","type":"post","link":"https:\/\/4cantosalagoas.com.br\/portal\/prefeitura-abre-inscricoes-para-oficinas-de-receitas-juninas\/","title":{"rendered":"Prefeitura abre inscri\u00e7\u00f5es para oficinas de receitas juninas"},"content":{"rendered":"<figure id=\"attachment_3100\" aria-describedby=\"caption-attachment-3100\" style=\"width: 300px\" class=\"wp-caption alignleft\"><img fetchpriority=\"high\" decoding=\"async\" class=\"size-medium wp-image-3100\" src=\"http:\/\/4cantosalagoas.com.br\/portal\/wp-content\/uploads\/2018\/05\/semas-m\u00e3os-\u00e0-massa-cras-s\u00f4nia-sampaio-1-768x576-300x225.jpg\" alt=\"\" width=\"300\" height=\"225\" srcset=\"https:\/\/4cantosalagoas.com.br\/portal\/wp-content\/uploads\/2018\/05\/semas-m\u00e3os-\u00e0-massa-cras-s\u00f4nia-sampaio-1-768x576-300x225.jpg 300w, https:\/\/4cantosalagoas.com.br\/portal\/wp-content\/uploads\/2018\/05\/semas-m\u00e3os-\u00e0-massa-cras-s\u00f4nia-sampaio-1-768x576.jpg 768w, https:\/\/4cantosalagoas.com.br\/portal\/wp-content\/uploads\/2018\/05\/semas-m\u00e3os-\u00e0-massa-cras-s\u00f4nia-sampaio-1-768x576-375x281.jpg 375w, https:\/\/4cantosalagoas.com.br\/portal\/wp-content\/uploads\/2018\/05\/semas-m\u00e3os-\u00e0-massa-cras-s\u00f4nia-sampaio-1-768x576-465x349.jpg 465w, https:\/\/4cantosalagoas.com.br\/portal\/wp-content\/uploads\/2018\/05\/semas-m\u00e3os-\u00e0-massa-cras-s\u00f4nia-sampaio-1-768x576-667x500.jpg 667w\" sizes=\"(max-width: 300px) 100vw, 300px\" \/><figcaption id=\"caption-attachment-3100\" class=\"wp-caption-text\">Assessoria<\/figcaption><\/figure>\n<p>As inscri\u00e7\u00f5es para as oficinas culin\u00e1rias de comidas juninas, do projeto M\u00e3os \u00e0 Massa, acontecem nesta quarta-feira (16),\u00a0das 8h \u00e0s 14h,\u00a0no Lar S\u00e3o Domingos, em Mangabeiras. A Prefeitura de Macei\u00f3 est\u00e1 disponibilizando 120 vagas para a comunidade em geral e as aulas j\u00e1 come\u00e7am nesta quinta-feira (17). A iniciativa \u00e9 uma oportunidade para qualifica\u00e7\u00e3o e gera\u00e7\u00e3o de renda extra.<\/p>\n<div>Idealizado pela primeira-dama de Macei\u00f3, Tatiana Palmeira, o projeto vai oferecer oficinas de receitas juninas de baixo custo, palestras sobre higieniza\u00e7\u00e3o e dicas sobre nutri\u00e7\u00e3o. O trabalho \u00e9 desenvolvido pela Coordena\u00e7\u00e3o T\u00e9cnica de Alimenta\u00e7\u00e3o e Nutri\u00e7\u00e3o da Secretaria Municipal de Assist\u00eancia Social (Semas) e tem o objetivo de conscientizar a popula\u00e7\u00e3o sobre a import\u00e2ncia de uma alimenta\u00e7\u00e3o saud\u00e1vel e com melhores condi\u00e7\u00f5es de sa\u00fade, al\u00e9m de qualificar os participantes para a gera\u00e7\u00e3o de renda.<\/div>\n<div><\/div>\n<div>\u201cA nossa inten\u00e7\u00e3o \u00e9 proporcionar oficinas de culin\u00e1ria para quem est\u00e1 \u00e0 procura de uma oportunidade de emprego ou uma renda extra na produ\u00e7\u00e3o de produtos aliment\u00edcios. Os alunos aprendem as receitas no curso e podem produzir para vender. J\u00e1 a palestra da nutricionista, vai ajudar quem quer atuar na \u00e1rea de alimentos\u201d, pontua Tatiana Palmeira.<\/div>\n<div><\/div>\n<div>A primeira turma come\u00e7a amanh\u00e3 (17) no Lar S\u00e3o Domingos e os alunos participar\u00e3o das aulas durante dois dias. A nutricionista Vanessa Freitas iniciar\u00e1 com a palestra \u201cCuidados e higieniza\u00e7\u00e3o no manuseio de alimento e limpeza das \u00e1reas afins\u201d e, em seguida, a culinarista Lourdinha Ara\u00fajo ministra a oficina.<\/div>\n<div><\/div>\n<div>Os interessados em participar das oficinas devem levar a Carteira de Trabalho, Carteira de Identidade (RG), CPF e Comprovante de Resid\u00eancia. A inscri\u00e7\u00e3o \u00e9 aberta ao p\u00fablico e os participantes tamb\u00e9m ser\u00e3o cadastrados no Sine Macei\u00f3.<\/div>\n<div><\/div>\n<div>Thiago Aquino \/ Secom Macei\u00f3<\/div>\n","protected":false},"excerpt":{"rendered":"<p>As inscri\u00e7\u00f5es para as oficinas culin\u00e1rias de comidas juninas, do projeto M\u00e3os \u00e0 Massa, acontecem nesta quarta-feira<\/p>\n","protected":false},"author":1,"featured_media":3100,"comment_status":"open","ping_status":"open","sticky":false,"template":"","format":"standard","meta":{"footnotes":""},"categories":[60],"tags":[],"class_list":["post-3099","post","type-post","status-publish","format-standard","has-post-thumbnail","hentry","category-capa"],"_links":{"self":[{"href":"https:\/\/4cantosalagoas.com.br\/portal\/wp-json\/wp\/v2\/posts\/3099","targetHints":{"allow":["GET"]}}],"collection":[{"href":"https:\/\/4cantosalagoas.com.br\/portal\/wp-json\/wp\/v2\/posts"}],"about":[{"href":"https:\/\/4cantosalagoas.com.br\/portal\/wp-json\/wp\/v2\/types\/post"}],"author":[{"embeddable":true,"href":"https:\/\/4cantosalagoas.com.br\/portal\/wp-json\/wp\/v2\/users\/1"}],"replies":[{"embeddable":true,"href":"https:\/\/4cantosalagoas.com.br\/portal\/wp-json\/wp\/v2\/comments?post=3099"}],"version-history":[{"count":1,"href":"https:\/\/4cantosalagoas.com.br\/portal\/wp-json\/wp\/v2\/posts\/3099\/revisions"}],"predecessor-version":[{"id":3101,"href":"https:\/\/4cantosalagoas.com.br\/portal\/wp-json\/wp\/v2\/posts\/3099\/revisions\/3101"}],"wp:featuredmedia":[{"embeddable":true,"href":"https:\/\/4cantosalagoas.com.br\/portal\/wp-json\/wp\/v2\/media\/3100"}],"wp:attachment":[{"href":"https:\/\/4cantosalagoas.com.br\/portal\/wp-json\/wp\/v2\/media?parent=3099"}],"wp:term":[{"taxonomy":"category","embeddable":true,"href":"https:\/\/4cantosalagoas.com.br\/portal\/wp-json\/wp\/v2\/categories?post=3099"},{"taxonomy":"post_tag","embeddable":true,"href":"https:\/\/4cantosalagoas.com.br\/portal\/wp-json\/wp\/v2\/tags?post=3099"}],"curies":[{"name":"wp","href":"https:\/\/api.w.org\/{rel}","templated":true}]}}