{"id":3096,"date":"2018-05-16T11:30:57","date_gmt":"2018-05-16T14:30:57","guid":{"rendered":"http:\/\/4cantosalagoas.com.br\/portal\/?p=3096"},"modified":"2018-05-16T11:30:57","modified_gmt":"2018-05-16T14:30:57","slug":"algas-lanca-terceira-edicao-de-edital-para-selecao-de-projetos-sociais","status":"publish","type":"post","link":"https:\/\/4cantosalagoas.com.br\/portal\/algas-lanca-terceira-edicao-de-edital-para-selecao-de-projetos-sociais\/","title":{"rendered":"Alg\u00e1s lan\u00e7a terceira edi\u00e7\u00e3o de edital para sele\u00e7\u00e3o de projetos sociais"},"content":{"rendered":"<figure id=\"attachment_3097\" aria-describedby=\"caption-attachment-3097\" style=\"width: 300px\" class=\"wp-caption alignleft\"><img fetchpriority=\"high\" decoding=\"async\" class=\"size-medium wp-image-3097\" src=\"http:\/\/4cantosalagoas.com.br\/portal\/wp-content\/uploads\/2018\/05\/ausredes-300x198.jpg\" alt=\"\" width=\"300\" height=\"198\" srcset=\"https:\/\/4cantosalagoas.com.br\/portal\/wp-content\/uploads\/2018\/05\/ausredes-300x198.jpg 300w, https:\/\/4cantosalagoas.com.br\/portal\/wp-content\/uploads\/2018\/05\/ausredes-768x508.jpg 768w, https:\/\/4cantosalagoas.com.br\/portal\/wp-content\/uploads\/2018\/05\/ausredes-1024x677.jpg 1024w, https:\/\/4cantosalagoas.com.br\/portal\/wp-content\/uploads\/2018\/05\/ausredes-375x248.jpg 375w, https:\/\/4cantosalagoas.com.br\/portal\/wp-content\/uploads\/2018\/05\/ausredes-465x307.jpg 465w, https:\/\/4cantosalagoas.com.br\/portal\/wp-content\/uploads\/2018\/05\/ausredes-695x459.jpg 695w, https:\/\/4cantosalagoas.com.br\/portal\/wp-content\/uploads\/2018\/05\/ausredes.jpg 1112w\" sizes=\"(max-width: 300px) 100vw, 300px\" \/><figcaption id=\"caption-attachment-3097\" class=\"wp-caption-text\">Fotos Thomaz Japiass\u00fa<\/figcaption><\/figure>\n<p>Assessoria<\/p>\n<p style=\"font-weight: 400;\">Apoiar e participar de iniciativas que fortale\u00e7am a constru\u00e7\u00e3o social de Alagoas tem sido um dos compromissos \u00e9ticos da distribuidora de g\u00e1s natural do estado, a Alg\u00e1s, em seus 25 anos de hist\u00f3ria. Para democratizar o acesso ao apoio da Companhia, a partir desta quarta-feira (16), projetos sociais desenvolvidos dentro do estado em prol da educa\u00e7\u00e3o, esporte, cultura, meio ambiente ou sa\u00fade poder\u00e3o se inscrever no Edital Alg\u00e1s Social 2018-2019.<\/p>\n<p style=\"font-weight: 400;\">Nesta terceira edi\u00e7\u00e3o, quatro projetos sociais ser\u00e3o contemplados com valores individuais de at\u00e9 R$ 30 mil, totalizando R$ 120 mil procedentes de recursos pr\u00f3prios da Distribuidora. O per\u00edodo de envio dos projetos vai de 16 de maio at\u00e9 o dia 19 de junho. O edital na \u00edntegra e a plataforma de inscri\u00e7\u00e3o j\u00e1 podem ser acessados atrav\u00e9s do site da Alg\u00e1s (<a href=\"http:\/\/www.algas.com.br\/editalsocial\" data-saferedirecturl=\"https:\/\/www.google.com\/url?q=http:\/\/www.algas.com.br\/editalsocial&amp;source=gmail&amp;ust=1526566706952000&amp;usg=AFQjCNHaebuUo25qNYSBRoTkLtrXHdo9VA\">www.algas.com.br\/editalsocial<\/a>).<\/p>\n<p style=\"font-weight: 400;\">O diretor presidente da Companhia, Arn\u00f3bio Cavalcanti, destaca o sucesso dos projetos sociais apoiados anteriormente pela distribuidora de g\u00e1s natural. \u201cNeste terceiro ano de Edital Alg\u00e1s Social, a diversidade de express\u00f5es sociais, culturais e de cidadania do estado s\u00f3 continuar\u00e1 sendo beneficiada. O edital j\u00e1 mostrou incentivo em a\u00e7\u00f5es que manifestam a responsabilidade social que sempre esteve presente nos planos da Companhia\u201d, explica Cavalcanti.<\/p>\n<p style=\"font-weight: 400;\">Ainda de acordo com a Distribuidora, a comiss\u00e3o julgadora ser\u00e1 formada por tr\u00eas avaliadores externos, com relevante experi\u00eancia na \u00e1rea social em Alagoas ou outros estados do Nordeste, e um avaliador interno, representante da Alg\u00e1s.<\/p>\n<p style=\"font-weight: 400;\">\u201cO certame levar\u00e1 em considera\u00e7\u00e3o os diferenciais e o impacto do projeto em rela\u00e7\u00e3o \u00e0s comunidades em que ele ser\u00e1 implantado. Onde houver atua\u00e7\u00e3o da Alg\u00e1s, por meio do edital, a Distribuidora incentivar\u00e1 o desenvolvimento humano como elemento de transforma\u00e7\u00e3o social\u201d, declara o gerente de marketing e comunica\u00e7\u00e3o da Companhia, Felipe Guimar\u00e3es.<\/p>\n<p style=\"font-weight: 400;\">Para conhecer mais sobre as a\u00e7\u00f5es de responsabilidade social da Alg\u00e1s e outros projetos apoiados nos \u00faltimos anos, incluindo os da primeira e segunda edi\u00e7\u00e3o do Edital Alg\u00e1s Social, acesse:\u00a0<a href=\"http:\/\/www.algas.com.br\/projetos\" data-saferedirecturl=\"https:\/\/www.google.com\/url?q=http:\/\/www.algas.com.br\/projetos&amp;source=gmail&amp;ust=1526566706952000&amp;usg=AFQjCNGRFdkRLYlreLfNsUWAK76eNm03wQ\">www.algas.com.br\/projetos<\/a>.<\/p>\n<p style=\"font-weight: 400;\">\n<p style=\"font-weight: 400;\"><strong>Servi\u00e7o:<\/strong><\/p>\n<p style=\"font-weight: 400;\">Inscri\u00e7\u00f5es online pelo endere\u00e7o:\u00a0<a href=\"http:\/\/www.algas.com.br\/editalsocial\" data-saferedirecturl=\"https:\/\/www.google.com\/url?q=http:\/\/www.algas.com.br\/editalsocial&amp;source=gmail&amp;ust=1526566706952000&amp;usg=AFQjCNHaebuUo25qNYSBRoTkLtrXHdo9VA\">http:\/\/www.algas.com.br\/editalsocial<\/a><\/p>\n<p style=\"font-weight: 400;\">Per\u00edodo das inscri\u00e7\u00f5es: 16 de maio a 19 de junho de 2018.<\/p>\n","protected":false},"excerpt":{"rendered":"<p>Assessoria Apoiar e participar de iniciativas que fortale\u00e7am a constru\u00e7\u00e3o social de Alagoas tem sido um dos<\/p>\n","protected":false},"author":1,"featured_media":3097,"comment_status":"open","ping_status":"open","sticky":false,"template":"","format":"standard","meta":{"footnotes":""},"categories":[60],"tags":[],"class_list":["post-3096","post","type-post","status-publish","format-standard","has-post-thumbnail","hentry","category-capa"],"_links":{"self":[{"href":"https:\/\/4cantosalagoas.com.br\/portal\/wp-json\/wp\/v2\/posts\/3096","targetHints":{"allow":["GET"]}}],"collection":[{"href":"https:\/\/4cantosalagoas.com.br\/portal\/wp-json\/wp\/v2\/posts"}],"about":[{"href":"https:\/\/4cantosalagoas.com.br\/portal\/wp-json\/wp\/v2\/types\/post"}],"author":[{"embeddable":true,"href":"https:\/\/4cantosalagoas.com.br\/portal\/wp-json\/wp\/v2\/users\/1"}],"replies":[{"embeddable":true,"href":"https:\/\/4cantosalagoas.com.br\/portal\/wp-json\/wp\/v2\/comments?post=3096"}],"version-history":[{"count":1,"href":"https:\/\/4cantosalagoas.com.br\/portal\/wp-json\/wp\/v2\/posts\/3096\/revisions"}],"predecessor-version":[{"id":3098,"href":"https:\/\/4cantosalagoas.com.br\/portal\/wp-json\/wp\/v2\/posts\/3096\/revisions\/3098"}],"wp:featuredmedia":[{"embeddable":true,"href":"https:\/\/4cantosalagoas.com.br\/portal\/wp-json\/wp\/v2\/media\/3097"}],"wp:attachment":[{"href":"https:\/\/4cantosalagoas.com.br\/portal\/wp-json\/wp\/v2\/media?parent=3096"}],"wp:term":[{"taxonomy":"category","embeddable":true,"href":"https:\/\/4cantosalagoas.com.br\/portal\/wp-json\/wp\/v2\/categories?post=3096"},{"taxonomy":"post_tag","embeddable":true,"href":"https:\/\/4cantosalagoas.com.br\/portal\/wp-json\/wp\/v2\/tags?post=3096"}],"curies":[{"name":"wp","href":"https:\/\/api.w.org\/{rel}","templated":true}]}}