{"id":2981,"date":"2018-05-10T07:29:30","date_gmt":"2018-05-10T10:29:30","guid":{"rendered":"http:\/\/4cantosalagoas.com.br\/portal\/?p=2981"},"modified":"2018-05-10T07:29:30","modified_gmt":"2018-05-10T10:29:30","slug":"policia-civil-prende-acusado-de-estupro-de-vulneravel","status":"publish","type":"post","link":"https:\/\/4cantosalagoas.com.br\/portal\/policia-civil-prende-acusado-de-estupro-de-vulneravel\/","title":{"rendered":"Pol\u00edcia Civil prende acusado de estupro de vulner\u00e1vel"},"content":{"rendered":"<figure id=\"attachment_2982\" aria-describedby=\"caption-attachment-2982\" style=\"width: 300px\" class=\"wp-caption alignleft\"><img fetchpriority=\"high\" decoding=\"async\" class=\"size-medium wp-image-2982\" src=\"http:\/\/4cantosalagoas.com.br\/portal\/wp-content\/uploads\/2018\/05\/dr54-300x195.jpg\" alt=\"\" width=\"300\" height=\"195\" srcset=\"https:\/\/4cantosalagoas.com.br\/portal\/wp-content\/uploads\/2018\/05\/dr54-300x195.jpg 300w, https:\/\/4cantosalagoas.com.br\/portal\/wp-content\/uploads\/2018\/05\/dr54-375x244.jpg 375w, https:\/\/4cantosalagoas.com.br\/portal\/wp-content\/uploads\/2018\/05\/dr54-465x302.jpg 465w, https:\/\/4cantosalagoas.com.br\/portal\/wp-content\/uploads\/2018\/05\/dr54.jpg 615w\" sizes=\"(max-width: 300px) 100vw, 300px\" \/><figcaption id=\"caption-attachment-2982\" class=\"wp-caption-text\">Ascom PC\/AL<\/figcaption><\/figure>\n<p>Uma a\u00e7\u00e3o conjunta entre a Pol\u00edcia Civil de Alagoas e a do estado do Mato Grosso pendeu, nesta ter\u00e7a-feira (8), um homem acusado de estupro de vulner\u00e1vel. Informa\u00e7\u00f5es policiais afirmam que ele abusou da enteada por quase nove anos, crime praticado na cidade de S\u00e3o Luiz do Quitunde, no interior alagoano.<\/p>\n<p>De acordo com o delegado titular de S\u00e3o Luiz do Quitunde (93\u00ba DP), Alexandre C\u00e9sar, Adem\u00e1rio Jos\u00e9 da Silva, de 44 anos, abusava da v\u00edtima, desde que ela tinha apenas cinco anos de idade. Hoje a crian\u00e7a est\u00e1 com 14 anos. O acusado quando teve o crime descoberto, fugiu de Alagoas.<\/p>\n<p>Segundo o chefe de Opera\u00e7\u00f5es do 93\u00ba Distrito Policial (DP), agente Jos\u00e9 Mariano, ap\u00f3s tr\u00eas meses de investiga\u00e7\u00e3o a Pol\u00edcia Civil alagoana conseguiu descobrir o paradeiro de Adem\u00e1rio, que fugiu para o estado do Matro Grosso, achando que n\u00e3o seria preso.<\/p>\n<p>\u201cDescobrimos onde o acusado se encontrava escondido, e informamos a PC de Mato Grosso que prendeu Adem\u00e1rio da Silva, na cidade de Barra do Bugres (MT)\u201d, disse Mariano.<\/p>\n<p>O delegado Alexandre C\u00e9sar informou ainda que agora vai trabalhar para agilizar a transfer\u00eancia do preso para Alagoas, para que ele seja ouvido e fique a disposi\u00e7\u00e3o da Justi\u00e7a alagoana para responder pelo crime praticado.<\/p>\n<p>Ascom PC\/AL<\/p>\n","protected":false},"excerpt":{"rendered":"<p>Uma a\u00e7\u00e3o conjunta entre a Pol\u00edcia Civil de Alagoas e a do estado do Mato Grosso pendeu,<\/p>\n","protected":false},"author":1,"featured_media":2982,"comment_status":"open","ping_status":"open","sticky":false,"template":"","format":"standard","meta":{"footnotes":""},"categories":[60],"tags":[],"class_list":["post-2981","post","type-post","status-publish","format-standard","has-post-thumbnail","hentry","category-capa"],"_links":{"self":[{"href":"https:\/\/4cantosalagoas.com.br\/portal\/wp-json\/wp\/v2\/posts\/2981","targetHints":{"allow":["GET"]}}],"collection":[{"href":"https:\/\/4cantosalagoas.com.br\/portal\/wp-json\/wp\/v2\/posts"}],"about":[{"href":"https:\/\/4cantosalagoas.com.br\/portal\/wp-json\/wp\/v2\/types\/post"}],"author":[{"embeddable":true,"href":"https:\/\/4cantosalagoas.com.br\/portal\/wp-json\/wp\/v2\/users\/1"}],"replies":[{"embeddable":true,"href":"https:\/\/4cantosalagoas.com.br\/portal\/wp-json\/wp\/v2\/comments?post=2981"}],"version-history":[{"count":1,"href":"https:\/\/4cantosalagoas.com.br\/portal\/wp-json\/wp\/v2\/posts\/2981\/revisions"}],"predecessor-version":[{"id":2983,"href":"https:\/\/4cantosalagoas.com.br\/portal\/wp-json\/wp\/v2\/posts\/2981\/revisions\/2983"}],"wp:featuredmedia":[{"embeddable":true,"href":"https:\/\/4cantosalagoas.com.br\/portal\/wp-json\/wp\/v2\/media\/2982"}],"wp:attachment":[{"href":"https:\/\/4cantosalagoas.com.br\/portal\/wp-json\/wp\/v2\/media?parent=2981"}],"wp:term":[{"taxonomy":"category","embeddable":true,"href":"https:\/\/4cantosalagoas.com.br\/portal\/wp-json\/wp\/v2\/categories?post=2981"},{"taxonomy":"post_tag","embeddable":true,"href":"https:\/\/4cantosalagoas.com.br\/portal\/wp-json\/wp\/v2\/tags?post=2981"}],"curies":[{"name":"wp","href":"https:\/\/api.w.org\/{rel}","templated":true}]}}