{"id":2954,"date":"2018-05-07T08:52:34","date_gmt":"2018-05-07T11:52:34","guid":{"rendered":"http:\/\/4cantosalagoas.com.br\/portal\/?p=2954"},"modified":"2018-05-07T08:52:34","modified_gmt":"2018-05-07T11:52:34","slug":"prazo-para-regularizar-titulo-de-eleitor-termina-dia-9","status":"publish","type":"post","link":"https:\/\/4cantosalagoas.com.br\/portal\/prazo-para-regularizar-titulo-de-eleitor-termina-dia-9\/","title":{"rendered":"Prazo para regularizar t\u00edtulo de eleitor termina dia 9"},"content":{"rendered":"<p>Brasileiros que ficaram mais de tr\u00eas elei\u00e7\u00f5es sem votar ou justificar a aus\u00eancia t\u00eam at\u00e9 a pr\u00f3xima quarta-feira (9) para regularizar a situa\u00e7\u00e3o. Para efeito dessa contagem, cada turno de um pleito representa uma elei\u00e7\u00e3o. Segundo o Tribunal Superior Eleitoral (TSE), quase 1,9 milh\u00e3o de eleitores estavam em situa\u00e7\u00e3o irregular no pa\u00eds em maio de 2017.<\/p>\n<p>O cidad\u00e3o deve ir ao cart\u00f3rio eleitoral de posse do t\u00edtulo de eleitor caso o possua, al\u00e9m de um comprovante de resid\u00eancia e um documento oficial de identifica\u00e7\u00e3o pessoal que tenha, no m\u00ednimo, nome, filia\u00e7\u00e3o, data de nascimento e nacionalidade. No caso dos homens, tamb\u00e9m \u00e9 necess\u00e1rio levar o comprovante de quita\u00e7\u00e3o militar.<\/p>\n<p><b>Outras solicita\u00e7\u00f5es<\/b><\/p>\n<p>Tamb\u00e9m termina na pr\u00f3xima quarta-feira o prazo para que o eleitor que tem 15 anos, mas vai completar 16 anos at\u00e9 a data da elei\u00e7\u00e3o e pretende votar, requerer o t\u00edtulo. O mesmo dia tamb\u00e9m \u00e9 o prazo final para que pessoas com defici\u00eancia que necessitam de atendimento especial informem sua situa\u00e7\u00e3o \u00e0 Justi\u00e7a Eleitoral para que sejam remanejadas para uma se\u00e7\u00e3o adaptada.<\/p>\n<p>A participa\u00e7\u00e3o nas elei\u00e7\u00f5es \u00e9 facultativa apenas para analfabetos, pessoas com idade entre 16 e 18 anos ou com mais de 70 anos. Para os demais brasileiros, o voto \u00e9 obrigat\u00f3rio. Com informa\u00e7\u00f5es da Ag\u00eancia Brasil.<\/p>\n<div class=\"clearfix\"><\/div>\n<p>&nbsp;<\/p>\n<p>Fonte:\u00a0<strong>Not\u00edcias ao Minuto<\/strong><\/p>\n","protected":false},"excerpt":{"rendered":"<p>Brasileiros que ficaram mais de tr\u00eas elei\u00e7\u00f5es sem votar ou justificar a aus\u00eancia t\u00eam at\u00e9 a pr\u00f3xima<\/p>\n","protected":false},"author":1,"featured_media":2955,"comment_status":"open","ping_status":"open","sticky":false,"template":"","format":"standard","meta":{"footnotes":""},"categories":[60],"tags":[],"class_list":["post-2954","post","type-post","status-publish","format-standard","has-post-thumbnail","hentry","category-capa"],"_links":{"self":[{"href":"https:\/\/4cantosalagoas.com.br\/portal\/wp-json\/wp\/v2\/posts\/2954","targetHints":{"allow":["GET"]}}],"collection":[{"href":"https:\/\/4cantosalagoas.com.br\/portal\/wp-json\/wp\/v2\/posts"}],"about":[{"href":"https:\/\/4cantosalagoas.com.br\/portal\/wp-json\/wp\/v2\/types\/post"}],"author":[{"embeddable":true,"href":"https:\/\/4cantosalagoas.com.br\/portal\/wp-json\/wp\/v2\/users\/1"}],"replies":[{"embeddable":true,"href":"https:\/\/4cantosalagoas.com.br\/portal\/wp-json\/wp\/v2\/comments?post=2954"}],"version-history":[{"count":1,"href":"https:\/\/4cantosalagoas.com.br\/portal\/wp-json\/wp\/v2\/posts\/2954\/revisions"}],"predecessor-version":[{"id":2956,"href":"https:\/\/4cantosalagoas.com.br\/portal\/wp-json\/wp\/v2\/posts\/2954\/revisions\/2956"}],"wp:featuredmedia":[{"embeddable":true,"href":"https:\/\/4cantosalagoas.com.br\/portal\/wp-json\/wp\/v2\/media\/2955"}],"wp:attachment":[{"href":"https:\/\/4cantosalagoas.com.br\/portal\/wp-json\/wp\/v2\/media?parent=2954"}],"wp:term":[{"taxonomy":"category","embeddable":true,"href":"https:\/\/4cantosalagoas.com.br\/portal\/wp-json\/wp\/v2\/categories?post=2954"},{"taxonomy":"post_tag","embeddable":true,"href":"https:\/\/4cantosalagoas.com.br\/portal\/wp-json\/wp\/v2\/tags?post=2954"}],"curies":[{"name":"wp","href":"https:\/\/api.w.org\/{rel}","templated":true}]}}