{"id":25496,"date":"2026-02-21T08:53:02","date_gmt":"2026-02-21T11:53:02","guid":{"rendered":"https:\/\/4cantosalagoas.com.br\/portal\/?p=25496"},"modified":"2026-02-21T08:53:02","modified_gmt":"2026-02-21T11:53:02","slug":"pm-prende-integrante-do-pcc-por-porte-ilegal-de-arma-em-sao-luis-do-quitunde","status":"publish","type":"post","link":"https:\/\/4cantosalagoas.com.br\/portal\/pm-prende-integrante-do-pcc-por-porte-ilegal-de-arma-em-sao-luis-do-quitunde\/","title":{"rendered":"PM prende integrante do PCC por porte ilegal de arma em S\u00e3o Lu\u00eds do Quitunde"},"content":{"rendered":"<p><strong>Ascom SSP\/AL<\/strong><\/p>\n<p>A 8\u00aa Companhia de Pol\u00edcia Militar Independente (8\u00aa CPMI) prendeu nesta sexta-feira (20) um integrante do Primeiro Comando da Capital (PCC) por porte ilegal de arma de fogo, na parte alta de S\u00e3o Lu\u00eds do Quitunde.<\/p>\n<p>A a\u00e7\u00e3o ocorreu durante patrulhamento ostensivo realizado por uma guarni\u00e7\u00e3o de For\u00e7a-Tarefa, que intensificava abordagens a suspeitos ap\u00f3s a circula\u00e7\u00e3o de v\u00eddeos nas redes sociais em que indiv\u00edduos exibiam armas de fogo.<\/p>\n<p><img decoding=\"async\" src=\"http:\/\/alagoas.al.gov.br\/imagens\/conteudos\/f761a4b45652d120b704c9f56cf8e6ef\/\/1000321320.jpg\" \/><\/p>\n<p>Ao perceber a aproxima\u00e7\u00e3o da viatura, dois suspeitos tentaram fugir. Um deles foi alcan\u00e7ado e detido portando um rev\u00f3lver calibre .38 com seis muni\u00e7\u00f5es intactas.<\/p>\n<p>O segundo suspeito conseguiu escapar, abandonando durante a fuga um simulacro de pistola cromada, que foi apreendido pelos militares.<\/p>\n<p>De acordo com o Servi\u00e7o de Intelig\u00eancia da 8\u00aa CPMI, o suspeito \u00e9 apontado como integrante de grupo criminoso com atua\u00e7\u00e3o na regi\u00e3o ligado ao PCC. As informa\u00e7\u00f5es foram repassadas \u00e0 autoridade policial para os devidos procedimentos investigativos.<\/p>\n<p>O preso e o material apreendido foram encaminhados \u00e0 delegacia para a ado\u00e7\u00e3o das medidas legais cab\u00edveis<\/p>\n","protected":false},"excerpt":{"rendered":"<p>Ascom SSP\/AL A 8\u00aa Companhia de Pol\u00edcia Militar Independente (8\u00aa CPMI) prendeu nesta sexta-feira (20) um integrante<\/p>\n","protected":false},"author":1,"featured_media":25497,"comment_status":"closed","ping_status":"open","sticky":false,"template":"","format":"standard","meta":{"footnotes":""},"categories":[60],"tags":[],"class_list":["post-25496","post","type-post","status-publish","format-standard","has-post-thumbnail","hentry","category-capa"],"_links":{"self":[{"href":"https:\/\/4cantosalagoas.com.br\/portal\/wp-json\/wp\/v2\/posts\/25496","targetHints":{"allow":["GET"]}}],"collection":[{"href":"https:\/\/4cantosalagoas.com.br\/portal\/wp-json\/wp\/v2\/posts"}],"about":[{"href":"https:\/\/4cantosalagoas.com.br\/portal\/wp-json\/wp\/v2\/types\/post"}],"author":[{"embeddable":true,"href":"https:\/\/4cantosalagoas.com.br\/portal\/wp-json\/wp\/v2\/users\/1"}],"replies":[{"embeddable":true,"href":"https:\/\/4cantosalagoas.com.br\/portal\/wp-json\/wp\/v2\/comments?post=25496"}],"version-history":[{"count":1,"href":"https:\/\/4cantosalagoas.com.br\/portal\/wp-json\/wp\/v2\/posts\/25496\/revisions"}],"predecessor-version":[{"id":25498,"href":"https:\/\/4cantosalagoas.com.br\/portal\/wp-json\/wp\/v2\/posts\/25496\/revisions\/25498"}],"wp:featuredmedia":[{"embeddable":true,"href":"https:\/\/4cantosalagoas.com.br\/portal\/wp-json\/wp\/v2\/media\/25497"}],"wp:attachment":[{"href":"https:\/\/4cantosalagoas.com.br\/portal\/wp-json\/wp\/v2\/media?parent=25496"}],"wp:term":[{"taxonomy":"category","embeddable":true,"href":"https:\/\/4cantosalagoas.com.br\/portal\/wp-json\/wp\/v2\/categories?post=25496"},{"taxonomy":"post_tag","embeddable":true,"href":"https:\/\/4cantosalagoas.com.br\/portal\/wp-json\/wp\/v2\/tags?post=25496"}],"curies":[{"name":"wp","href":"https:\/\/api.w.org\/{rel}","templated":true}]}}