{"id":25251,"date":"2026-01-06T09:05:32","date_gmt":"2026-01-06T12:05:32","guid":{"rendered":"https:\/\/4cantosalagoas.com.br\/portal\/?p=25251"},"modified":"2026-01-06T09:05:32","modified_gmt":"2026-01-06T12:05:32","slug":"confira-a-programacao-atualizada-do-verao-massayo","status":"publish","type":"post","link":"https:\/\/4cantosalagoas.com.br\/portal\/confira-a-programacao-atualizada-do-verao-massayo\/","title":{"rendered":"Confira a programa\u00e7\u00e3o atualizada do Ver\u00e3o Massay\u00f3"},"content":{"rendered":"<p data-base-font=\"18\">Na sexta-feira (09) come\u00e7a mais uma edi\u00e7\u00e3o do Ver\u00e3o Massay\u00f3, organizado pela Prefeitura de Macei\u00f3. Com uma extensa agenda de shows e apresenta\u00e7\u00f5es que prometem movimentar a capital durante o m\u00eas de janeiro, o evento segue nos dias 10, 11, 16, 17 e 18.<\/p>\n<p data-base-font=\"18\">O Ver\u00e3o Massay\u00f3 2026 reafirma a aposta de Macei\u00f3 em cultura e entretenimento como ferramentas de desenvolvimento urbano e econ\u00f4mico, al\u00e9m de consolidar a cidade como um dos destinos mais animados do ver\u00e3o brasileiro.<\/p>\n<p data-base-font=\"18\"><strong data-base-font=\"18\">Confira a programa\u00e7\u00e3o completa<\/strong><\/p>\n<p data-base-font=\"18\"><strong data-base-font=\"18\">09\/01 \u2013 Sexta-feira<\/strong><\/p>\n<p data-base-font=\"18\">Claudia Leitte<\/p>\n<p data-base-font=\"18\">Z\u00e9 Vaqueiro<\/p>\n<p data-base-font=\"18\">Felipe Amorim<\/p>\n<p data-base-font=\"18\">Nan\u00e1 Martins<\/p>\n<p data-base-font=\"18\">Pedrinho Pega\u00e7\u00e3o<\/p>\n<p data-base-font=\"18\"><strong data-base-font=\"18\">10\/01 \u2013 S\u00e1bado<\/strong><\/p>\n<p data-base-font=\"18\">Dominguinho (Jo\u00e3o Gomes, Mestrinho e Jota.P\u00ea)<\/p>\n<p data-base-font=\"18\">Joelma<\/p>\n<p data-base-font=\"18\">L\u00e9o Santana<\/p>\n<p data-base-font=\"18\">Ilari<\/p>\n<p data-base-font=\"18\">SomDiversos<\/p>\n<p data-base-font=\"18\"><strong data-base-font=\"18\">11\/01 \u2013 Domingo<\/strong><\/p>\n<p data-base-font=\"18\">Durval Lelys<\/p>\n<p data-base-font=\"18\">Henry Freitas<\/p>\n<p data-base-font=\"18\">Marcynho Sensa\u00e7\u00e3o<\/p>\n<p data-base-font=\"18\">Anderson Neiff<\/p>\n<p data-base-font=\"18\">Nen\u00ea DJ<\/p>\n<p data-base-font=\"18\"><strong data-base-font=\"18\">16\/01 \u2013 Sexta-feira<\/strong><\/p>\n<p data-base-font=\"18\">Nattan<\/p>\n<p data-base-font=\"18\">Menos \u00e9 Mais<\/p>\n<p data-base-font=\"18\">Vitor Fernandes<\/p>\n<p data-base-font=\"18\">Nefi Miranda<\/p>\n<p data-base-font=\"18\">JM Puxado<\/p>\n<p data-base-font=\"18\"><strong data-base-font=\"18\">17\/01 \u2013 S\u00e1bado<\/strong><\/p>\n<p data-base-font=\"18\">Grande Encontro (Elba Ramalho, Alceu Valen\u00e7a e Geraldo Azevedo)<\/p>\n<p data-base-font=\"18\">L\u00e9o Foguete<\/p>\n<p data-base-font=\"18\">Matu\u00ea<\/p>\n<p data-base-font=\"18\">J\u00fanior Almeida<\/p>\n<p data-base-font=\"18\">Yasmin Sensa\u00e7\u00e3o<\/p>\n<p data-base-font=\"18\"><strong data-base-font=\"18\">18\/01 \u2013 Domingo<\/strong><\/p>\n<p data-base-font=\"18\">Maiara &amp; Maraisa<\/p>\n<p data-base-font=\"18\">Sorriso Maroto<\/p>\n<p data-base-font=\"18\">Mari Fernandez<\/p>\n<p data-base-font=\"18\">Luana do Reggae<\/p>\n<p data-base-font=\"18\">Patrulha do Samba<\/p>\n","protected":false},"excerpt":{"rendered":"<p>Na sexta-feira (09) come\u00e7a mais uma edi\u00e7\u00e3o do Ver\u00e3o Massay\u00f3, organizado pela Prefeitura de Macei\u00f3. Com uma<\/p>\n","protected":false},"author":1,"featured_media":25252,"comment_status":"closed","ping_status":"open","sticky":false,"template":"","format":"standard","meta":{"footnotes":""},"categories":[60],"tags":[],"class_list":["post-25251","post","type-post","status-publish","format-standard","has-post-thumbnail","hentry","category-capa"],"_links":{"self":[{"href":"https:\/\/4cantosalagoas.com.br\/portal\/wp-json\/wp\/v2\/posts\/25251","targetHints":{"allow":["GET"]}}],"collection":[{"href":"https:\/\/4cantosalagoas.com.br\/portal\/wp-json\/wp\/v2\/posts"}],"about":[{"href":"https:\/\/4cantosalagoas.com.br\/portal\/wp-json\/wp\/v2\/types\/post"}],"author":[{"embeddable":true,"href":"https:\/\/4cantosalagoas.com.br\/portal\/wp-json\/wp\/v2\/users\/1"}],"replies":[{"embeddable":true,"href":"https:\/\/4cantosalagoas.com.br\/portal\/wp-json\/wp\/v2\/comments?post=25251"}],"version-history":[{"count":1,"href":"https:\/\/4cantosalagoas.com.br\/portal\/wp-json\/wp\/v2\/posts\/25251\/revisions"}],"predecessor-version":[{"id":25253,"href":"https:\/\/4cantosalagoas.com.br\/portal\/wp-json\/wp\/v2\/posts\/25251\/revisions\/25253"}],"wp:featuredmedia":[{"embeddable":true,"href":"https:\/\/4cantosalagoas.com.br\/portal\/wp-json\/wp\/v2\/media\/25252"}],"wp:attachment":[{"href":"https:\/\/4cantosalagoas.com.br\/portal\/wp-json\/wp\/v2\/media?parent=25251"}],"wp:term":[{"taxonomy":"category","embeddable":true,"href":"https:\/\/4cantosalagoas.com.br\/portal\/wp-json\/wp\/v2\/categories?post=25251"},{"taxonomy":"post_tag","embeddable":true,"href":"https:\/\/4cantosalagoas.com.br\/portal\/wp-json\/wp\/v2\/tags?post=25251"}],"curies":[{"name":"wp","href":"https:\/\/api.w.org\/{rel}","templated":true}]}}