{"id":24985,"date":"2025-11-08T09:32:45","date_gmt":"2025-11-08T12:32:45","guid":{"rendered":"https:\/\/4cantosalagoas.com.br\/portal\/?p=24985"},"modified":"2025-11-08T09:32:45","modified_gmt":"2025-11-08T12:32:45","slug":"eventos-esportivos-e-instalacao-de-passarela-modificam-transito-neste-fim-de-semana","status":"publish","type":"post","link":"https:\/\/4cantosalagoas.com.br\/portal\/eventos-esportivos-e-instalacao-de-passarela-modificam-transito-neste-fim-de-semana\/","title":{"rendered":"Eventos esportivos e instala\u00e7\u00e3o de passarela modificam tr\u00e2nsito neste fim de semana"},"content":{"rendered":"<header class=\"news-header\" data-base-font=\"14\">\n<figure data-base-font=\"14\"><figcaption data-base-font=\"14\">Foto: Ascom DMTT<\/figcaption><\/figure>\n<\/header>\n<section class=\"news-content --content block-internal\" data-base-font=\"14\">\n<p data-base-font=\"18\"><span data-base-font=\"18\">Neste fim de semana, o Departamento Municipal de Transporte e Tr\u00e2nsito (DMTT) vai realizar interven\u00e7\u00f5es parciais no tr\u00e1fego de vias dos bairros Cana\u00e3, Jaragu\u00e1, Centro, Prado e Pontal da Barra. As medidas t\u00eam o intuito de garantir seguran\u00e7a vi\u00e1ria a pedestres e condutores durante os eventos esportivos e a instala\u00e7\u00e3o da nova passarela.<\/span><\/p>\n<p data-base-font=\"18\"><strong data-base-font=\"18\">Instala\u00e7\u00e3o da passarela no Cana\u00e3<\/strong><\/p>\n<p class=\"text-justify\" data-base-font=\"18\">No s\u00e1bado (8), o DMTT vai interditar um trecho da\u00a0 Av. Durval de G\u00f3es Monteiro devido \u00e0 instala\u00e7\u00e3o da estrutura central da passarela do Cana\u00e3, realizada pela Secretaria Municipal de Infraestrutura (Seminfra). O bloqueio come\u00e7a \u00e0s 12h, nas faixas que ficam junto ao canto central, sentido Aeroporto.<\/p>\n<p class=\"text-justify\" data-base-font=\"18\">Nos primeiros 30 minutos, a interdi\u00e7\u00e3o ser\u00e1 total, inclusive das vias laterais, para que seja feito o transporte das estruturas. Neste per\u00edodo, os ve\u00edculos de menor porte e ve\u00edculos pesados como \u00f4nibus e outros ser\u00e3o desviados para a Rua Camaragibe e em seguida para a Rua jornalista Pedro Afonso Collor de Mello, retornando para a Av. Durval de G\u00f3es Monteiro e seguindo a trajet\u00f3ria normal.<\/p>\n<p class=\"text-justify\" data-base-font=\"18\">Agentes do Departamento Municipal de Transportes e Tr\u00e2nsito (DMTT) ser\u00e3o distribu\u00eddos em pontos estrat\u00e9gicos para a orienta\u00e7\u00e3o e o ordenamento do tr\u00e1fego, com o objetivo de garantir a seguran\u00e7a vi\u00e1ria.<\/p>\n<p class=\"text-justify\" data-base-font=\"18\">Ap\u00f3s a movimenta\u00e7\u00e3o do equipamento, a interdi\u00e7\u00e3o ser\u00e1 parcial, com as vias laterais liberadas para o tr\u00e1fego, e somente as vias principais interditadas para a montagem. A previs\u00e3o \u00e9 que o servi\u00e7o seja conclu\u00eddo e o tr\u00e1fego seja normalizado \u00e0s 19h.<\/p>\n<p data-base-font=\"18\"><strong data-base-font=\"18\">Corridas<\/strong><\/p>\n<p class=\"text-justify\" data-base-font=\"18\"><span data-base-font=\"18\">Ainda no s\u00e1bado, ocorrer\u00e1 a 9\u00aa Corrida e Caminhada TRT, organizada pela Associa\u00e7\u00e3o dos Servidores do Tribunal Regional do Trabalho da 19\u00aa Regi\u00e3o. O evento esportivo ser\u00e1 realizado das 15h \u00e0s 18h. A largada ser\u00e1 no Memorial da Rep\u00fablica, seguindo at\u00e9 a Av. Dr. Ant\u00f4nio Gouveia, retornando pela Av. Industrial C\u00edcero Toledo, depois pela Av. da Paz e Av. Assis Chateaubriand, retornando pela rotat\u00f3ria da Braskem.<\/span><\/p>\n<p class=\"text-justify\" data-base-font=\"18\"><span data-base-font=\"18\">E no domingo (9), a Corrida dos Servidores do Estado 2025, que vai ocorrer das 6h \u00e0s 10h, modificar\u00e1 o fluxo de ve\u00edculos. A largada ser\u00e1 na Av. da Paz, em frente ao Memorial da Rep\u00fablica, seguindo at\u00e9 o Departamento Nacional de Infraestrutura de Transportes (DNIT), na Rua Sampaio Marques, em dire\u00e7\u00e3o \u00e0 rotat\u00f3ria da Braskem, e retomando tamb\u00e9m pelas mesmas vias. O bloqueio dos trechos dos dois eventos ser\u00e1 nas faixas de tr\u00e2nsito que ficam juntas \u00e0 cal\u00e7ada da orla mar\u00edtima, sentido Pontal\/ Paju\u00e7ara.<\/span><\/p>\n<p class=\"text-justify\" data-base-font=\"18\"><span data-base-font=\"18\">De acordo com o C\u00f3digo de Tr\u00e2nsito Brasileiro (CTB), a sinaliza\u00e7\u00e3o dos eventos \u00e9 de responsabilidade dos organizadores. Esta medida est\u00e1 em conformidade com a Resolu\u00e7\u00e3o n\u00ba 973\/2022 do Contran. Agentes do DMTT estar\u00e3o na regi\u00e3o para prestar apoio e checar as sinaliza\u00e7\u00f5es instaladas.<\/span><\/p>\n<\/section>\n","protected":false},"excerpt":{"rendered":"<p>Foto: Ascom DMTT Neste fim de semana, o Departamento Municipal de Transporte e Tr\u00e2nsito (DMTT) vai realizar<\/p>\n","protected":false},"author":1,"featured_media":24986,"comment_status":"closed","ping_status":"open","sticky":false,"template":"","format":"standard","meta":{"footnotes":""},"categories":[60],"tags":[],"class_list":["post-24985","post","type-post","status-publish","format-standard","has-post-thumbnail","hentry","category-capa"],"_links":{"self":[{"href":"https:\/\/4cantosalagoas.com.br\/portal\/wp-json\/wp\/v2\/posts\/24985","targetHints":{"allow":["GET"]}}],"collection":[{"href":"https:\/\/4cantosalagoas.com.br\/portal\/wp-json\/wp\/v2\/posts"}],"about":[{"href":"https:\/\/4cantosalagoas.com.br\/portal\/wp-json\/wp\/v2\/types\/post"}],"author":[{"embeddable":true,"href":"https:\/\/4cantosalagoas.com.br\/portal\/wp-json\/wp\/v2\/users\/1"}],"replies":[{"embeddable":true,"href":"https:\/\/4cantosalagoas.com.br\/portal\/wp-json\/wp\/v2\/comments?post=24985"}],"version-history":[{"count":1,"href":"https:\/\/4cantosalagoas.com.br\/portal\/wp-json\/wp\/v2\/posts\/24985\/revisions"}],"predecessor-version":[{"id":24987,"href":"https:\/\/4cantosalagoas.com.br\/portal\/wp-json\/wp\/v2\/posts\/24985\/revisions\/24987"}],"wp:featuredmedia":[{"embeddable":true,"href":"https:\/\/4cantosalagoas.com.br\/portal\/wp-json\/wp\/v2\/media\/24986"}],"wp:attachment":[{"href":"https:\/\/4cantosalagoas.com.br\/portal\/wp-json\/wp\/v2\/media?parent=24985"}],"wp:term":[{"taxonomy":"category","embeddable":true,"href":"https:\/\/4cantosalagoas.com.br\/portal\/wp-json\/wp\/v2\/categories?post=24985"},{"taxonomy":"post_tag","embeddable":true,"href":"https:\/\/4cantosalagoas.com.br\/portal\/wp-json\/wp\/v2\/tags?post=24985"}],"curies":[{"name":"wp","href":"https:\/\/api.w.org\/{rel}","templated":true}]}}