{"id":24902,"date":"2025-10-27T07:24:25","date_gmt":"2025-10-27T10:24:25","guid":{"rendered":"https:\/\/4cantosalagoas.com.br\/portal\/?p=24902"},"modified":"2025-10-27T07:24:25","modified_gmt":"2025-10-27T10:24:25","slug":"operacao-do-bope-e-rotam-neutraliza-lideres-de-faccao-no-antares","status":"publish","type":"post","link":"https:\/\/4cantosalagoas.com.br\/portal\/operacao-do-bope-e-rotam-neutraliza-lideres-de-faccao-no-antares\/","title":{"rendered":"Opera\u00e7\u00e3o do Bope e Rotam neutraliza l\u00edderes de fac\u00e7\u00e3o no Antares"},"content":{"rendered":"<p>Uma a\u00e7\u00e3o da Pol\u00edcia Militar resultou na apreens\u00e3o de armas, drogas e muni\u00e7\u00f5es na noite do s\u00e1bado (25), na Grota Alvorada, bairro do Antares, em Macei\u00f3. A opera\u00e7\u00e3o foi desenca<\/p>\n<p>deada ap\u00f3s um trabalho de investiga\u00e7\u00e3o da Diretoria de Intelig\u00eancia (DINT), que identificou a realiza\u00e7\u00e3o de uma suposta festa promovida por integrantes de uma fac\u00e7\u00e3o criminosa. Tr\u00eas suspeitos foram neutralizados ap\u00f3s efetuarem disparos contra as guarni\u00e7\u00f5es durante as abordagens. Eles foram socorridos, mas n\u00e3o resistiram aos ferimentos.<\/p>\n<p>&nbsp;<\/p>\n<p>Ao serem acionadas, equipes do Batalh\u00e3o de Opera\u00e7\u00f5es Policiais Especiais (Bope), com apoio da Rotam, se deslocaram at\u00e9 o local, onde os criminosos estariam armados e comercializando drogas. Com a chegada dos militares, houve intensa correria. Um dos suspeitos, identificado como \u201cBaiano\u201d, apontado como um dos l\u00edderes da fac\u00e7\u00e3o, efetuou disparos contra a guarni\u00e7\u00e3o.<\/p>\n<p>&nbsp;<\/p>\n<p>Diante da \u00a0agress\u00e3o, os policiais reagiram e o homem acabou sendo atingido. Ele foi socorrido, mas n\u00e3o resistiu aos ferimentos. Com ele, a equipe apreendeu um rev\u00f3lver calibre 38, com todas as muni\u00e7\u00f5es deflagradas.<\/p>\n<p>&nbsp;<\/p>\n<p>\u201cBaiano\u201d j\u00e1 havia sido preso no in\u00edcio deste m\u00eas pela Rotam por tr\u00e1fico de drogas, porte ilegal de arma de fogo e grave amea\u00e7a. Na ocasi\u00e3o, ele foi flagrado com mais de um quilo de maconha, uma pistola, muni\u00e7\u00f5es e uma balan\u00e7a de precis\u00e3o, mas acabou sendo solto em audi\u00eancia de cust\u00f3dia.<\/p>\n<p>&nbsp;<\/p>\n<p>Durante o cerco, outros suspeitos fugiram e invadiram uma resid\u00eancia pr\u00f3xima. Uma segunda guarni\u00e7\u00e3o fez o acompanhamento e, ao adentrar o im\u00f3vel, foi recebida por mais disparos. Os indiv\u00edduos, identificados como \u201cL\u00e9o\u201d e \u201cTesta\u201d, tamb\u00e9m reagiram \u00e0 a\u00e7\u00e3o policial e foram atingidos pelos militares. Ambos foram socorridos, mas n\u00e3o resistiram.<\/p>\n<p>&nbsp;<\/p>\n<p>Com a dupla, os militares apreenderam dois rev\u00f3lveres calibre 38, muni\u00e7\u00f5es deflagradas, por\u00e7\u00f5es de maconha e uma balan\u00e7a de precis\u00e3o.<\/p>\n<p>&nbsp;<\/p>\n<p>As investiga\u00e7\u00f5es apontam que L\u00e9o e Testa faziam parte do grupo liderado por Baiano e estavam se aliando aos \u201cNeutros\u201d. Testa possu\u00eda mandado de pris\u00e3o em aberto e uma extensa ficha criminal, incluindo adultera\u00e7\u00e3o de ve\u00edculo, roubo de carros com emprego de arma de fogo e rompimento de tornozeleira eletr\u00f4nica. L\u00e9o tamb\u00e9m acumulava passagens por posse ilegal de arma, roubo, tr\u00e1fico de drogas e rompimento de tornozeleira.<\/p>\n<p>&nbsp;<\/p>\n<p>O material apreendido foi encaminhado para os procedimentos cab\u00edveis.<\/p>\n<p>Assessoria<\/p>\n","protected":false},"excerpt":{"rendered":"<p>Uma a\u00e7\u00e3o da Pol\u00edcia Militar resultou na apreens\u00e3o de armas, drogas e muni\u00e7\u00f5es na noite do s\u00e1bado<\/p>\n","protected":false},"author":1,"featured_media":24903,"comment_status":"closed","ping_status":"open","sticky":false,"template":"","format":"standard","meta":{"footnotes":""},"categories":[60],"tags":[],"class_list":["post-24902","post","type-post","status-publish","format-standard","has-post-thumbnail","hentry","category-capa"],"_links":{"self":[{"href":"https:\/\/4cantosalagoas.com.br\/portal\/wp-json\/wp\/v2\/posts\/24902","targetHints":{"allow":["GET"]}}],"collection":[{"href":"https:\/\/4cantosalagoas.com.br\/portal\/wp-json\/wp\/v2\/posts"}],"about":[{"href":"https:\/\/4cantosalagoas.com.br\/portal\/wp-json\/wp\/v2\/types\/post"}],"author":[{"embeddable":true,"href":"https:\/\/4cantosalagoas.com.br\/portal\/wp-json\/wp\/v2\/users\/1"}],"replies":[{"embeddable":true,"href":"https:\/\/4cantosalagoas.com.br\/portal\/wp-json\/wp\/v2\/comments?post=24902"}],"version-history":[{"count":1,"href":"https:\/\/4cantosalagoas.com.br\/portal\/wp-json\/wp\/v2\/posts\/24902\/revisions"}],"predecessor-version":[{"id":24904,"href":"https:\/\/4cantosalagoas.com.br\/portal\/wp-json\/wp\/v2\/posts\/24902\/revisions\/24904"}],"wp:featuredmedia":[{"embeddable":true,"href":"https:\/\/4cantosalagoas.com.br\/portal\/wp-json\/wp\/v2\/media\/24903"}],"wp:attachment":[{"href":"https:\/\/4cantosalagoas.com.br\/portal\/wp-json\/wp\/v2\/media?parent=24902"}],"wp:term":[{"taxonomy":"category","embeddable":true,"href":"https:\/\/4cantosalagoas.com.br\/portal\/wp-json\/wp\/v2\/categories?post=24902"},{"taxonomy":"post_tag","embeddable":true,"href":"https:\/\/4cantosalagoas.com.br\/portal\/wp-json\/wp\/v2\/tags?post=24902"}],"curies":[{"name":"wp","href":"https:\/\/api.w.org\/{rel}","templated":true}]}}