{"id":24900,"date":"2025-10-25T09:23:31","date_gmt":"2025-10-25T12:23:31","guid":{"rendered":"https:\/\/4cantosalagoas.com.br\/portal\/?p=24900"},"modified":"2025-10-25T09:23:31","modified_gmt":"2025-10-25T12:23:31","slug":"policia-civil-prende-homem-por-porte-ilegal-de-arma-de-fogo-em-maceio-2","status":"publish","type":"post","link":"https:\/\/4cantosalagoas.com.br\/portal\/policia-civil-prende-homem-por-porte-ilegal-de-arma-de-fogo-em-maceio-2\/","title":{"rendered":"Pol\u00edcia Civil prende homem por porte ilegal de arma de fogo em Macei\u00f3"},"content":{"rendered":"<p>A Pol\u00edcia Civil de Alagoas prendeu, na manh\u00e3 desta sexta-feira (24), um homem no bairro Graciliano Ramos, parte alta de Macei\u00f3, pelo crime de porte ilegal de arma de fogo.<\/p>\n<p>&nbsp;<\/p>\n<p>De acordo com as investiga\u00e7\u00f5es coordenadas pelo delegado Guilherme Iustem, titular da 11\u00aa Delegacia Regional de Pol\u00edcia (11\u00aa DRP) de Uni\u00e3o dos Palmares, o suspeito \u00e9 apontado como integrante de uma fac\u00e7\u00e3o criminosa que atua na regi\u00e3o da Zona da Mata, especialmente no munic\u00edpio de Uni\u00e3o dos Palmares.<\/p>\n<p>&nbsp;<\/p>\n<p>A a\u00e7\u00e3o foi conduzida pela equipe de intelig\u00eancia da 11\u00aa DRP e contou com o apoio da Diretoria de Pol\u00edcia Judici\u00e1ria da \u00c1rea 2 (DPJ2), sob a coordena\u00e7\u00e3o do delegado M\u00e1rio Jorge, al\u00e9m da parceria do 2\u00ba Batalh\u00e3o de Pol\u00edcia Militar e do Batalh\u00e3o de Opera\u00e7\u00f5es Policiais Especiais (BOPE) de Macei\u00f3. A pris\u00e3o foi efetuada ap\u00f3s uma den\u00fancia an\u00f4nima recebida pelo Disque-Den\u00fancia 181.<\/p>\n<p>&nbsp;<\/p>\n<p>O homem, que vinha sendo investigado por envolvimento com o tr\u00e1fico de drogas e armas na regi\u00e3o, n\u00e3o ofereceu resist\u00eancia durante a abordagem. Ele foi conduzido \u00e0 Central de Flagrantes, onde foram adotadas as medidas cab\u00edveis.<\/p>\n<p>&nbsp;<\/p>\n<p>A Pol\u00edcia Civil de Alagoas refor\u00e7a o pedido de colabora\u00e7\u00e3o da popula\u00e7\u00e3o no combate \u00e0 criminalidade. Den\u00fancias podem ser feitas de forma an\u00f4nima, pelo Disque-Den\u00fancia 181, a identidade do denunciante \u00e9 preservada, e cada informa\u00e7\u00e3o \u00e9 fundamental para auxiliar na preven\u00e7\u00e3o e repress\u00e3o de crimes em todo o estado<\/p>\n<p>Assessoria<\/p>\n","protected":false},"excerpt":{"rendered":"<p>A Pol\u00edcia Civil de Alagoas prendeu, na manh\u00e3 desta sexta-feira (24), um homem no bairro Graciliano Ramos,<\/p>\n","protected":false},"author":1,"featured_media":23542,"comment_status":"closed","ping_status":"open","sticky":false,"template":"","format":"standard","meta":{"footnotes":""},"categories":[60],"tags":[],"class_list":["post-24900","post","type-post","status-publish","format-standard","has-post-thumbnail","hentry","category-capa"],"_links":{"self":[{"href":"https:\/\/4cantosalagoas.com.br\/portal\/wp-json\/wp\/v2\/posts\/24900","targetHints":{"allow":["GET"]}}],"collection":[{"href":"https:\/\/4cantosalagoas.com.br\/portal\/wp-json\/wp\/v2\/posts"}],"about":[{"href":"https:\/\/4cantosalagoas.com.br\/portal\/wp-json\/wp\/v2\/types\/post"}],"author":[{"embeddable":true,"href":"https:\/\/4cantosalagoas.com.br\/portal\/wp-json\/wp\/v2\/users\/1"}],"replies":[{"embeddable":true,"href":"https:\/\/4cantosalagoas.com.br\/portal\/wp-json\/wp\/v2\/comments?post=24900"}],"version-history":[{"count":1,"href":"https:\/\/4cantosalagoas.com.br\/portal\/wp-json\/wp\/v2\/posts\/24900\/revisions"}],"predecessor-version":[{"id":24901,"href":"https:\/\/4cantosalagoas.com.br\/portal\/wp-json\/wp\/v2\/posts\/24900\/revisions\/24901"}],"wp:featuredmedia":[{"embeddable":true,"href":"https:\/\/4cantosalagoas.com.br\/portal\/wp-json\/wp\/v2\/media\/23542"}],"wp:attachment":[{"href":"https:\/\/4cantosalagoas.com.br\/portal\/wp-json\/wp\/v2\/media?parent=24900"}],"wp:term":[{"taxonomy":"category","embeddable":true,"href":"https:\/\/4cantosalagoas.com.br\/portal\/wp-json\/wp\/v2\/categories?post=24900"},{"taxonomy":"post_tag","embeddable":true,"href":"https:\/\/4cantosalagoas.com.br\/portal\/wp-json\/wp\/v2\/tags?post=24900"}],"curies":[{"name":"wp","href":"https:\/\/api.w.org\/{rel}","templated":true}]}}