{"id":24896,"date":"2025-10-25T09:20:04","date_gmt":"2025-10-25T12:20:04","guid":{"rendered":"https:\/\/4cantosalagoas.com.br\/portal\/?p=24896"},"modified":"2025-10-25T09:20:04","modified_gmt":"2025-10-25T12:20:04","slug":"prefeitura-de-maceio-decreta-ponto-facultativo-nesta-segunda-feira-27","status":"publish","type":"post","link":"https:\/\/4cantosalagoas.com.br\/portal\/prefeitura-de-maceio-decreta-ponto-facultativo-nesta-segunda-feira-27\/","title":{"rendered":"Prefeitura de Macei\u00f3 decreta ponto facultativo nesta segunda-feira (27)"},"content":{"rendered":"<p data-base-font=\"18\">O prefeito de Macei\u00f3, JHC, decretou ponto facultativo para os servidores p\u00fablicos municipais, nesta segunda-feira (27), em decorr\u00eancia do feriado do Dia do Servidor P\u00fablico nesta ter\u00e7a-feira (28). O decreto com o ponto facultativo foi publicado em edi\u00e7\u00e3o extraordin\u00e1ria do Di\u00e1rio Oficial do Munic\u00edpio (DOM), desta sexta-feira (24).<\/p>\n<p data-base-font=\"18\">De acordo com a portaria, os gestores de cada \u00f3rg\u00e3o e entidade municipal dever\u00e3o adotar as medidas necess\u00e1rias para assegurar o funcionamento ininterrupto dos servi\u00e7os p\u00fablicos considerados essenciais \u00e0 popula\u00e7\u00e3o durante o ponto facultativo.<\/p>\n<p data-base-font=\"18\">O retorno das atividades administrativas presenciais no Executivo Municipal acontece na quarta-feira, dia 29 de outubro.<\/p>\n","protected":false},"excerpt":{"rendered":"<p>O prefeito de Macei\u00f3, JHC, decretou ponto facultativo para os servidores p\u00fablicos municipais, nesta segunda-feira (27), em<\/p>\n","protected":false},"author":1,"featured_media":21939,"comment_status":"closed","ping_status":"open","sticky":false,"template":"","format":"standard","meta":{"footnotes":""},"categories":[60],"tags":[],"class_list":["post-24896","post","type-post","status-publish","format-standard","has-post-thumbnail","hentry","category-capa"],"_links":{"self":[{"href":"https:\/\/4cantosalagoas.com.br\/portal\/wp-json\/wp\/v2\/posts\/24896","targetHints":{"allow":["GET"]}}],"collection":[{"href":"https:\/\/4cantosalagoas.com.br\/portal\/wp-json\/wp\/v2\/posts"}],"about":[{"href":"https:\/\/4cantosalagoas.com.br\/portal\/wp-json\/wp\/v2\/types\/post"}],"author":[{"embeddable":true,"href":"https:\/\/4cantosalagoas.com.br\/portal\/wp-json\/wp\/v2\/users\/1"}],"replies":[{"embeddable":true,"href":"https:\/\/4cantosalagoas.com.br\/portal\/wp-json\/wp\/v2\/comments?post=24896"}],"version-history":[{"count":1,"href":"https:\/\/4cantosalagoas.com.br\/portal\/wp-json\/wp\/v2\/posts\/24896\/revisions"}],"predecessor-version":[{"id":24897,"href":"https:\/\/4cantosalagoas.com.br\/portal\/wp-json\/wp\/v2\/posts\/24896\/revisions\/24897"}],"wp:featuredmedia":[{"embeddable":true,"href":"https:\/\/4cantosalagoas.com.br\/portal\/wp-json\/wp\/v2\/media\/21939"}],"wp:attachment":[{"href":"https:\/\/4cantosalagoas.com.br\/portal\/wp-json\/wp\/v2\/media?parent=24896"}],"wp:term":[{"taxonomy":"category","embeddable":true,"href":"https:\/\/4cantosalagoas.com.br\/portal\/wp-json\/wp\/v2\/categories?post=24896"},{"taxonomy":"post_tag","embeddable":true,"href":"https:\/\/4cantosalagoas.com.br\/portal\/wp-json\/wp\/v2\/tags?post=24896"}],"curies":[{"name":"wp","href":"https:\/\/api.w.org\/{rel}","templated":true}]}}