{"id":24890,"date":"2025-10-23T09:13:20","date_gmt":"2025-10-23T12:13:20","guid":{"rendered":"https:\/\/4cantosalagoas.com.br\/portal\/?p=24890"},"modified":"2025-10-23T09:13:20","modified_gmt":"2025-10-23T12:13:20","slug":"semsc-realiza-credenciamento-de-ambulantes-para-o-dia-de-finados-em-maceio","status":"publish","type":"post","link":"https:\/\/4cantosalagoas.com.br\/portal\/semsc-realiza-credenciamento-de-ambulantes-para-o-dia-de-finados-em-maceio\/","title":{"rendered":"Semsc realiza credenciamento de ambulantes para o Dia de Finados em Macei\u00f3"},"content":{"rendered":"<header class=\"news-header\" data-base-font=\"14\">\n<figure data-base-font=\"14\"><figcaption data-base-font=\"14\">Foto: Beto Mac\u00e1rio\/ Secom Macei\u00f3<\/figcaption><\/figure>\n<\/header>\n<section class=\"news-content --content block-internal\" data-base-font=\"14\">\n<p data-base-font=\"18\">Os ambulantes que desejam comercializar velas, \u00e1gua e flores durante o Dia de Finados, em Macei\u00f3, t\u00eam at\u00e9 a pr\u00f3xima sexta-feira (24) para realizar o credenciamento presencial na sede da Secretaria Municipal de Seguran\u00e7a Cidad\u00e3 (Semsc). O atendimento acontece das 8h \u00e0s 14h, na Avenida Governador Afr\u00e2nio Lages, n\u00ba 297, bairro do Farol.<\/p>\n<p data-base-font=\"18\">Para efetuar o cadastro, \u00e9 necess\u00e1rio apresentar documento de identifica\u00e7\u00e3o oficial com foto (RG ou CNH), CPF, comprovante de resid\u00eancia e formul\u00e1rio de inscri\u00e7\u00e3o preenchido. As vagas s\u00e3o destinadas \u00e0 comercializa\u00e7\u00e3o de produtos em nove cemit\u00e9rios p\u00fablicos da capital alagoana.<\/p>\n<p data-base-font=\"18\">Ap\u00f3s a an\u00e1lise da documenta\u00e7\u00e3o, os ambulantes receber\u00e3o o alvar\u00e1 de autoriza\u00e7\u00e3o e o crach\u00e1 de identifica\u00e7\u00e3o, documentos obrigat\u00f3rios para o funcionamento no dia 2 de novembro, data do feriado de Finados.<\/p>\n<div class=\"single-section-box single-section-img single-box-center\" data-base-font=\"14\">\n<figure data-base-font=\"14\"><a href=\"https:\/\/cdnpm.dhost.cloud\/imagens\/FINADOS-2.jpeg\" data-fancybox=\"images\" data-base-font=\"14\"><img decoding=\"async\" id=\"exifviewer-img-4\" src=\"https:\/\/maceio.al.gov.br\/transform\/imagens\/_845xAUTO_crop_center-center_none\/FINADOS-2.jpeg\" alt=\"Ambulantes devem se instalar em locais previamente estabelecidos. Foto: Beto Mac\u00e1rio\/ Secom Macei\u00f3\" data-base-font=\"14\" \/><\/a><figcaption data-base-font=\"16\"><small class=\"img-credits\" data-base-font=\"14\">Ambulantes devem se instalar em locais previamente estabelecidos. Foto: Beto Mac\u00e1rio\/ Secom Macei\u00f3<\/small><\/figcaption><\/figure>\n<\/div>\n<p data-base-font=\"18\">As atividades s\u00f3 poder\u00e3o acontecer em per\u00edodo diurno (manh\u00e3 e tarde), e o ambulante dever\u00e1 permanecer no local autorizado, portando o alvar\u00e1, o crach\u00e1 e um documento de identifica\u00e7\u00e3o.<\/p>\n<p data-base-font=\"18\">O secret\u00e1rio municipal de Seguran\u00e7a Cidad\u00e3, Eduardo Marinho, destacou a import\u00e2ncia do credenciamento para garantir a organiza\u00e7\u00e3o e a seguran\u00e7a durante o feriado.<\/p>\n<p data-base-font=\"18\">\u201cComo em todos os eventos e feriados, estamos priorizando o credenciamento e o ordenamento dos nossos ambulantes. Essa medida evita o agrupamento desordenado nas entradas dos cemit\u00e9rios e garante que, quem est\u00e1 regularizado, possa trabalhar de forma segura e organizada\u201d, afirmou.<\/p>\n<\/section>\n","protected":false},"excerpt":{"rendered":"<p>Foto: Beto Mac\u00e1rio\/ Secom Macei\u00f3 Os ambulantes que desejam comercializar velas, \u00e1gua e flores durante o Dia<\/p>\n","protected":false},"author":1,"featured_media":24891,"comment_status":"closed","ping_status":"open","sticky":false,"template":"","format":"standard","meta":{"footnotes":""},"categories":[60],"tags":[],"class_list":["post-24890","post","type-post","status-publish","format-standard","has-post-thumbnail","hentry","category-capa"],"_links":{"self":[{"href":"https:\/\/4cantosalagoas.com.br\/portal\/wp-json\/wp\/v2\/posts\/24890","targetHints":{"allow":["GET"]}}],"collection":[{"href":"https:\/\/4cantosalagoas.com.br\/portal\/wp-json\/wp\/v2\/posts"}],"about":[{"href":"https:\/\/4cantosalagoas.com.br\/portal\/wp-json\/wp\/v2\/types\/post"}],"author":[{"embeddable":true,"href":"https:\/\/4cantosalagoas.com.br\/portal\/wp-json\/wp\/v2\/users\/1"}],"replies":[{"embeddable":true,"href":"https:\/\/4cantosalagoas.com.br\/portal\/wp-json\/wp\/v2\/comments?post=24890"}],"version-history":[{"count":1,"href":"https:\/\/4cantosalagoas.com.br\/portal\/wp-json\/wp\/v2\/posts\/24890\/revisions"}],"predecessor-version":[{"id":24892,"href":"https:\/\/4cantosalagoas.com.br\/portal\/wp-json\/wp\/v2\/posts\/24890\/revisions\/24892"}],"wp:featuredmedia":[{"embeddable":true,"href":"https:\/\/4cantosalagoas.com.br\/portal\/wp-json\/wp\/v2\/media\/24891"}],"wp:attachment":[{"href":"https:\/\/4cantosalagoas.com.br\/portal\/wp-json\/wp\/v2\/media?parent=24890"}],"wp:term":[{"taxonomy":"category","embeddable":true,"href":"https:\/\/4cantosalagoas.com.br\/portal\/wp-json\/wp\/v2\/categories?post=24890"},{"taxonomy":"post_tag","embeddable":true,"href":"https:\/\/4cantosalagoas.com.br\/portal\/wp-json\/wp\/v2\/tags?post=24890"}],"curies":[{"name":"wp","href":"https:\/\/api.w.org\/{rel}","templated":true}]}}