{"id":24887,"date":"2025-10-22T09:54:23","date_gmt":"2025-10-22T12:54:23","guid":{"rendered":"https:\/\/4cantosalagoas.com.br\/portal\/?p=24887"},"modified":"2025-10-22T09:54:23","modified_gmt":"2025-10-22T12:54:23","slug":"secult-abre-inscricoes-para-curso-de-elaboracao-de-projetos-voltado-a-povos-tradicionais","status":"publish","type":"post","link":"https:\/\/4cantosalagoas.com.br\/portal\/secult-abre-inscricoes-para-curso-de-elaboracao-de-projetos-voltado-a-povos-tradicionais\/","title":{"rendered":"Secult abre inscri\u00e7\u00f5es para curso de elabora\u00e7\u00e3o de projetos voltado a povos tradicionais"},"content":{"rendered":"<p><strong>Ascom Secult<\/strong><\/p>\n<p>A Secretaria de Estado da Cultura e Economia Criativa (Secult) abriu as inscri\u00e7\u00f5es para o Curso de Elabora\u00e7\u00e3o de Projetos destinado aos povos tradicionais, dentro das a\u00e7\u00f5es do Ciclo 2 da Pol\u00edtica Nacional Aldir Blanc (PNAB) em Alagoas. Forma\u00e7\u00e3o \u00e9 voltada a ind\u00edgenas, quilombolas, ciganos e integrantes de comunidades de religi\u00f5es de matriz africana.<\/p>\n<p>&nbsp;<\/p>\n<p>A capacita\u00e7\u00e3o ser\u00e1 ministrada por Jonathan Silva, doutorando em Ci\u00eancia da Propriedade Intelectual (UFS), mestre em Propriedade Intelectual e Transfer\u00eancia de Tecnologia (Ufal) e especialista em Gest\u00e3o Estrat\u00e9gica de Neg\u00f3cios e Mercado (USP). O curso tem como foco principal fortalecer a capacidade de elabora\u00e7\u00e3o, gest\u00e3o e presta\u00e7\u00e3o de contas de projetos culturais, garantindo maior autonomia e acesso qualificado aos mecanismos de fomento da PNAB em 2025.<\/p>\n<p>&nbsp;<\/p>\n<p>Segundo o instrutor, o conte\u00fado foi pensado para atender \u00e0s necessidades espec\u00edficas dos povos tradicionais, promovendo transpar\u00eancia, sustentabilidade e valoriza\u00e7\u00e3o da diversidade cultural no contexto das pol\u00edticas p\u00fablicas de cultura.<\/p>\n<p>A forma\u00e7\u00e3o ser\u00e1 totalmente online, com encontros realizados entre 27 de outubro de 2025 e janeiro de 2026, sempre das 18h \u00e0s 20h, abrangendo m\u00f3dulos sobre elabora\u00e7\u00e3o de projetos culturais, planos de trabalho, or\u00e7amentos, portf\u00f3lios e presta\u00e7\u00e3o de contas. As inscri\u00e7\u00f5es j\u00e1 est\u00e3o abertas e podem ser feitas pelo site\u00a0<a href=\"https:\/\/cuca.al.gov.br\/cursos_2025\/show.php\" target=\"_blank\" rel=\"noopener\">https:\/\/cuca.al.gov.br\/cursos_2025\/show.php<\/a>.<\/p>\n<p>&nbsp;<\/p>\n<p>O secret\u00e1rio de Estado da Cultura e Economia Criativa em exerc\u00edcio, Milton Muniz, destacou a import\u00e2ncia da iniciativa como parte da pol\u00edtica do Governo de Alagoas de democratizar o acesso \u00e0s pol\u00edticas culturais.<\/p>\n<p>&nbsp;<\/p>\n<p>\u201cEsse curso \u00e9 um passo fundamental para garantir que os povos tradicionais de Alagoas tenham condi\u00e7\u00f5es reais de acessar os editais e os recursos da PNAB. Estamos trabalhando para que cada comunidade possa transformar sua experi\u00eancia cultural em projetos estruturados, com autonomia e sustentabilidade. \u00c9 assim que fortalecemos a cultura viva e diversa do nosso estado\u201d, afirmou Milton.<\/p>\n<p>&nbsp;<\/p>\n<p><b>Confira a programa\u00e7\u00e3o completa abaixo:<\/b><\/p>\n<p><b>\u00a01. Elabora\u00e7\u00e3o de Projetos Culturais<\/b><\/p>\n<p>Objetivo: Estrutura\u00e7\u00e3o de um projeto: objetivos, justificativa, metodologia, plano de trabalho, or\u00e7amento e contrapartida<\/p>\n<p>Datas: \u00a027 e 31 de outubro<\/p>\n<p>Hor\u00e1rio: 18h \u00e0s 20h<\/p>\n<p>Formato: Online<\/p>\n<p>&nbsp;<\/p>\n<p><b>2. Plano de Trabalho<\/b><\/p>\n<p>Objetivo: Defini\u00e7\u00e3o de metas e indicadores de impacto; Uso de ferramentas para organiza\u00e7\u00e3o do plano de trabalho; e Comprova\u00e7\u00e3o e utiliza\u00e7\u00e3o das cotas<\/p>\n<p>Datas: 3 a 7 de novembro<\/p>\n<p>Hor\u00e1rio: 18h \u00e0s 20h<\/p>\n<p>Formato: Online<\/p>\n<p><b>3. Elabora\u00e7\u00e3o de or\u00e7amento<\/b><\/p>\n<p>Objetivo: No\u00e7\u00f5es b\u00e1sicas de or\u00e7amento e precifica\u00e7\u00e3o; e Planejamento financeiro para projetos culturais<\/p>\n<p>Datas: 10 e 14 de novembro<\/p>\n<p>Hor\u00e1rio: 18h \u00e0s 20h<\/p>\n<p>Formato: Online<\/p>\n<p>&nbsp;<\/p>\n<p><b>4. Elabora\u00e7\u00e3o de Portf\u00f3lio<\/b><\/p>\n<p>Objetivo: Como apresentar experi\u00eancias e comprovar atua\u00e7\u00e3o cultural; e Uso de ferramentas para organiza\u00e7\u00e3o de portf\u00f3lio<\/p>\n<p>Data: 24 de novembro<\/p>\n<p>Hor\u00e1rio: 18h \u00e0s 20h<\/p>\n<p>Formato: Online<\/p>\n<p>&nbsp;<\/p>\n<p><b>5. Resumo Geral e Tira D\u00favidas<\/b><\/p>\n<p>Data: 28 de novembro<\/p>\n<p>Hor\u00e1rio: 18h \u00e0s 20h<\/p>\n<p>Formato: Online<\/p>\n<p>&nbsp;<\/p>\n<p><b>6. Presta\u00e7\u00e3o de contas<\/b><\/p>\n<p>Objetivo: No\u00e7\u00f5es b\u00e1sicas de presta\u00e7\u00e3o de contas; Documenta\u00e7\u00e3o e transpar\u00eancia na presta\u00e7\u00e3o de contas, e Relat\u00f3rios de execu\u00e7\u00e3o do objeto e de execu\u00e7\u00e3o financeira<\/p>\n<p>Data: Janeiro de 2026<\/p>\n<p>Hor\u00e1rio: 18h \u00e0s 20h<\/p>\n<p>&nbsp;<\/p>\n<p>Formato: Online<\/p>\n","protected":false},"excerpt":{"rendered":"<p>Ascom Secult A Secretaria de Estado da Cultura e Economia Criativa (Secult) abriu as inscri\u00e7\u00f5es para o<\/p>\n","protected":false},"author":1,"featured_media":24888,"comment_status":"closed","ping_status":"open","sticky":false,"template":"","format":"standard","meta":{"footnotes":""},"categories":[60],"tags":[],"class_list":["post-24887","post","type-post","status-publish","format-standard","has-post-thumbnail","hentry","category-capa"],"_links":{"self":[{"href":"https:\/\/4cantosalagoas.com.br\/portal\/wp-json\/wp\/v2\/posts\/24887","targetHints":{"allow":["GET"]}}],"collection":[{"href":"https:\/\/4cantosalagoas.com.br\/portal\/wp-json\/wp\/v2\/posts"}],"about":[{"href":"https:\/\/4cantosalagoas.com.br\/portal\/wp-json\/wp\/v2\/types\/post"}],"author":[{"embeddable":true,"href":"https:\/\/4cantosalagoas.com.br\/portal\/wp-json\/wp\/v2\/users\/1"}],"replies":[{"embeddable":true,"href":"https:\/\/4cantosalagoas.com.br\/portal\/wp-json\/wp\/v2\/comments?post=24887"}],"version-history":[{"count":1,"href":"https:\/\/4cantosalagoas.com.br\/portal\/wp-json\/wp\/v2\/posts\/24887\/revisions"}],"predecessor-version":[{"id":24889,"href":"https:\/\/4cantosalagoas.com.br\/portal\/wp-json\/wp\/v2\/posts\/24887\/revisions\/24889"}],"wp:featuredmedia":[{"embeddable":true,"href":"https:\/\/4cantosalagoas.com.br\/portal\/wp-json\/wp\/v2\/media\/24888"}],"wp:attachment":[{"href":"https:\/\/4cantosalagoas.com.br\/portal\/wp-json\/wp\/v2\/media?parent=24887"}],"wp:term":[{"taxonomy":"category","embeddable":true,"href":"https:\/\/4cantosalagoas.com.br\/portal\/wp-json\/wp\/v2\/categories?post=24887"},{"taxonomy":"post_tag","embeddable":true,"href":"https:\/\/4cantosalagoas.com.br\/portal\/wp-json\/wp\/v2\/tags?post=24887"}],"curies":[{"name":"wp","href":"https:\/\/api.w.org\/{rel}","templated":true}]}}