{"id":24884,"date":"2025-10-22T08:09:52","date_gmt":"2025-10-22T11:09:52","guid":{"rendered":"https:\/\/4cantosalagoas.com.br\/portal\/?p=24884"},"modified":"2025-10-22T08:09:52","modified_gmt":"2025-10-22T11:09:52","slug":"prefeitura-de-maceio-realiza-2o-dia-de-vacinacao-antirrabica-neste-sabado25","status":"publish","type":"post","link":"https:\/\/4cantosalagoas.com.br\/portal\/prefeitura-de-maceio-realiza-2o-dia-de-vacinacao-antirrabica-neste-sabado25\/","title":{"rendered":"Prefeitura de Macei\u00f3 realiza 2\u00ba dia de vacina\u00e7\u00e3o antirr\u00e1bica neste s\u00e1bado(25)"},"content":{"rendered":"<p data-base-font=\"18\"><span data-base-font=\"18\">A Prefeitura de Macei\u00f3 realiza, no pr\u00f3ximo s\u00e1bado(25), o segundo dia da Campanha de Vacina\u00e7\u00e3o Antirr\u00e1bica de 2025. A mobiliza\u00e7\u00e3o, que teve in\u00edcio no dia 11 de outubro e vacinou mais de 30 mil animais, entre c\u00e3es e gatos, agora contempla novas localidades de Macei\u00f3.\u00a0<\/span><\/p>\n<p data-base-font=\"18\"><span data-base-font=\"18\">Mailan Maia, chefe especial do Centro de Controle de Zoonoses de Macei\u00f3, destaca que a imuniza\u00e7\u00e3o \u00e9 essencial para proteger tanto a popula\u00e7\u00e3o quanto os animais contra a raiva, uma doen\u00e7a perigosa e com altos \u00edndices de mortalidade.\u00a0<\/span><\/p>\n<p data-base-font=\"18\"><span data-base-font=\"18\">\u201cNo primeiro dia alcan\u00e7amos uma ades\u00e3o muito boa da popula\u00e7\u00e3o e esperamos que nesse segundo dia possamos superar nossa meta de vacina\u00e7\u00e3o. A campanha est\u00e1 organizada para que a cobertura vacinal inclua todos os animais aptos a se vacinar. Nenhum animal canino ou felino que esteja apto vai deixar de se vacinar\u201d, afirmou.<\/span><\/p>\n<p data-base-font=\"18\"><span data-base-font=\"18\">N\u00e3o \u00e9 necess\u00e1rio levar documentos para vacinar os c\u00e3es e gatos. Basta comparecer a um dos pontos de vacina\u00e7\u00e3o, levando o animal na guia ou na caixa de transporte. Ao chegar no local, a orienta\u00e7\u00e3o \u00e9 que o tutor contenha o animal para ser vacinado.<\/span><\/p>\n<p data-base-font=\"18\"><span data-base-font=\"18\"><strong data-base-font=\"18\">Contraindica\u00e7\u00f5es<\/strong><\/span><\/p>\n<p data-base-font=\"18\"><span data-base-font=\"18\">Nem todos os animais podem ser vacinados contra a raiva. A restri\u00e7\u00e3o \u00e9 v\u00e1lida para os casos de animais com prenhez avan\u00e7ada, debilitados, com problemas de pele severa ou clinicamente comprometidos, al\u00e9m de filhotes com menos de 4 meses.<\/span><\/p>\n<p class=\"text-justify\" data-base-font=\"18\"><span data-base-font=\"18\"><strong data-base-font=\"18\">Sobre a doen\u00e7a<\/strong><\/span><\/p>\n<p class=\"text-justify\" data-base-font=\"18\"><span data-base-font=\"18\">A raiva \u00e9 uma zoonose (doen\u00e7a que passa dos animais ao homem e vice-versa) transmitida por um v\u00edrus mortal, tanto para o homem como para o animal. Envolve o sistema nervoso central, levando ao \u00f3bito ap\u00f3s curta evolu\u00e7\u00e3o.<\/span><\/p>\n<p class=\"text-justify\" data-base-font=\"18\"><span data-base-font=\"18\">A transmiss\u00e3o ocorre quando o v\u00edrus da raiva existente na saliva do animal infectado penetra no organismo atrav\u00e9s da pele ou de mucosas, por meio de mordedura, arranhadura ou lambedura.<\/span><\/p>\n<p data-base-font=\"18\"><span data-base-font=\"18\"><strong data-base-font=\"18\">Confira os pontos de vacina\u00e7\u00e3o do dia 25\/10:<\/strong><\/span><\/p>\n<p data-base-font=\"18\"><br data-base-font=\"18\" \/><span data-base-font=\"18\"><strong data-base-font=\"18\">Distritos Sanit\u00e1rios I e VIII<\/strong><\/span><\/p>\n<p data-base-font=\"18\"><span data-base-font=\"18\">UBS Reginaldo (Po\u00e7o)<\/span><\/p>\n<p data-base-font=\"18\"><span data-base-font=\"18\">UBS Osvaldo Brand\u00e3o (Ponta da Terra)<\/span><\/p>\n<p data-base-font=\"18\"><span data-base-font=\"18\">Corredor Vera Arruda (Ponta Verde)<\/span><\/p>\n<p data-base-font=\"18\"><span data-base-font=\"18\">CRAS (Antiga UBS de Riacho Doce)<\/span><\/p>\n<p data-base-font=\"18\"><span data-base-font=\"18\">Terminal de \u00f4nibus do Saua\u00e7ui<\/span><\/p>\n<p data-base-font=\"18\"><span data-base-font=\"18\">Associa\u00e7\u00e3o dos Moradores da Sa\u00fade (Sa\u00fade)<\/span><\/p>\n<p data-base-font=\"18\"><span data-base-font=\"18\">UBS Pescaria<\/span><\/p>\n<p data-base-font=\"18\"><span data-base-font=\"18\"><strong data-base-font=\"18\">Distrito Sanit\u00e1rio II<\/strong><\/span><\/p>\n<p data-base-font=\"18\"><span data-base-font=\"18\">Pra\u00e7a da Faculdade (Prado)<\/span><\/p>\n<p data-base-font=\"18\"><span data-base-font=\"18\">Pra\u00e7a das Gra\u00e7as (Levada)<\/span><\/p>\n<p data-base-font=\"18\"><span data-base-font=\"18\">UBS Jardim S\u00e3o Francisco (Levada)<\/span><\/p>\n<p data-base-font=\"18\"><span data-base-font=\"18\">N\u00facleo de Sa\u00fade Pestallozi (Farol)<\/span><\/p>\n<p data-base-font=\"18\"><span data-base-font=\"18\"><strong data-base-font=\"18\">Distrito Sanit\u00e1rio III<\/strong><\/span><\/p>\n<p data-base-font=\"18\"><span data-base-font=\"18\">Hospital Escola Portugal Ramalho (Farol)<\/span><\/p>\n<p data-base-font=\"18\"><span data-base-font=\"18\">Escola Estadual Prof.Edmilson Pontes (Farol)<\/span><\/p>\n<p data-base-font=\"18\"><span data-base-font=\"18\">Escola Municipal Higino Belo (Farol)<\/span><\/p>\n<p data-base-font=\"18\"><span data-base-font=\"18\"><strong data-base-font=\"18\">Distrito Sanit\u00e1rio IV<\/strong><\/span><\/p>\n<p data-base-font=\"18\"><span data-base-font=\"18\">Associa\u00e7\u00e3o S\u00e3o Jo\u00e3o Batista (Ch\u00e3 da Jaqueira)<\/span><\/p>\n<p data-base-font=\"18\"><span data-base-font=\"18\">Pra\u00e7a da Colina (Conjunto Colina dos Eucaliptos)<\/span><\/p>\n<p data-base-font=\"18\"><span data-base-font=\"18\">UBS Bebedouro (Ch\u00e3 do Bebedouro)<\/span><\/p>\n<p data-base-font=\"18\"><span data-base-font=\"18\">UBS Flexal (Bebedouro)<\/span><\/p>\n<p data-base-font=\"18\"><span data-base-font=\"18\">UBS Jos\u00e9 Guedes de Farias (Santa Am\u00e9lia)<\/span><\/p>\n<p data-base-font=\"18\"><span data-base-font=\"18\"><strong data-base-font=\"18\">Distrito Sanit\u00e1rio V\u00a0<\/strong><\/span><\/p>\n<p data-base-font=\"18\"><span data-base-font=\"18\">Escola Municipal Olavo Bilac (Farol)<\/span><\/p>\n<p data-base-font=\"18\"><span data-base-font=\"18\">Escola Municipal Baltazar de de Mendon\u00e7a (Jacintinho)<\/span><\/p>\n<p data-base-font=\"18\"><span data-base-font=\"18\">Escola Estadual Erotildes Saldanha (Feitosa)<\/span><\/p>\n<p data-base-font=\"18\"><span data-base-font=\"18\">UBS Waldomiro Alencar (Jacintinho)<\/span><\/p>\n<p data-base-font=\"18\"><span data-base-font=\"18\"><strong data-base-font=\"18\">Distrito Sanit\u00e1rio VI<\/strong><\/span><\/p>\n<p data-base-font=\"18\"><span data-base-font=\"18\">Cmei Jos\u00e9 Madltton Vitor Da Silva (Conjunto Cidade Sorriso I)<\/span><\/p>\n<p data-base-font=\"18\"><span data-base-font=\"18\">Associa\u00e7\u00e3o Alto da Alegria (Benedito Bentes)<\/span><\/p>\n<p data-base-font=\"18\"><span data-base-font=\"18\">CAIC Jos\u00e9 Maria de Melo (Benedito Bentes)<\/span><\/p>\n<p data-base-font=\"18\"><span data-base-font=\"18\">Escola Municipal Nise da Silveira (Antares)<\/span><\/p>\n<p data-base-font=\"18\"><span data-base-font=\"18\">Escola Municipal Elma Marques (Benedito Bentes II)<\/span><\/p>\n<p data-base-font=\"18\"><span data-base-font=\"18\">US Arthur Ramos (Conjunto Henrique Hequelman)<\/span><\/p>\n<p data-base-font=\"18\"><span data-base-font=\"18\"><strong data-base-font=\"18\">Distrito Sanit\u00e1rio VII<\/strong><\/span><\/p>\n<p data-base-font=\"18\"><span data-base-font=\"18\">Escola Silvia Celina (Village Campestre)<\/span><\/p>\n<p data-base-font=\"18\"><span data-base-font=\"18\">UBS Marlene Lanverly (Santa L\u00facia)<\/span><\/p>\n<p data-base-font=\"18\"><span data-base-font=\"18\">Escola Donizete Calheiros (Santa L\u00facia)<\/span><\/p>\n<p data-base-font=\"18\"><span data-base-font=\"18\">UBS Cl\u00ednica da Fam\u00edlia (Village Campestre)<\/span><\/p>\n<p data-base-font=\"18\"><span data-base-font=\"18\">UBS S\u00e9rgio Quintela (Santa L\u00facia)<\/span><\/p>\n<p data-base-font=\"18\"><span data-base-font=\"18\">UBS Jorge Duarte (Graciliano Ramos)<\/span><\/p>\n<p data-base-font=\"18\"><span data-base-font=\"18\">UBS Pimentel Amorim (Salvador Lyra)<\/span><\/p>\n<p data-base-font=\"18\"><span data-base-font=\"18\">UBS Galba Novais (Cleto Marques)<\/span><\/p>\n<p data-base-font=\"18\"><span data-base-font=\"18\">Sede do CCZ (Cidade Universit\u00e1ria)<\/span><\/p>\n<p data-base-font=\"18\"><span data-base-font=\"18\">CMEI Herm\u00e9 Miranda (Tabuleiro do Martins)<\/span><\/p>\n","protected":false},"excerpt":{"rendered":"<p>A Prefeitura de Macei\u00f3 realiza, no pr\u00f3ximo s\u00e1bado(25), o segundo dia da Campanha de Vacina\u00e7\u00e3o Antirr\u00e1bica de<\/p>\n","protected":false},"author":1,"featured_media":24885,"comment_status":"closed","ping_status":"open","sticky":false,"template":"","format":"standard","meta":{"footnotes":""},"categories":[60],"tags":[],"class_list":["post-24884","post","type-post","status-publish","format-standard","has-post-thumbnail","hentry","category-capa"],"_links":{"self":[{"href":"https:\/\/4cantosalagoas.com.br\/portal\/wp-json\/wp\/v2\/posts\/24884","targetHints":{"allow":["GET"]}}],"collection":[{"href":"https:\/\/4cantosalagoas.com.br\/portal\/wp-json\/wp\/v2\/posts"}],"about":[{"href":"https:\/\/4cantosalagoas.com.br\/portal\/wp-json\/wp\/v2\/types\/post"}],"author":[{"embeddable":true,"href":"https:\/\/4cantosalagoas.com.br\/portal\/wp-json\/wp\/v2\/users\/1"}],"replies":[{"embeddable":true,"href":"https:\/\/4cantosalagoas.com.br\/portal\/wp-json\/wp\/v2\/comments?post=24884"}],"version-history":[{"count":1,"href":"https:\/\/4cantosalagoas.com.br\/portal\/wp-json\/wp\/v2\/posts\/24884\/revisions"}],"predecessor-version":[{"id":24886,"href":"https:\/\/4cantosalagoas.com.br\/portal\/wp-json\/wp\/v2\/posts\/24884\/revisions\/24886"}],"wp:featuredmedia":[{"embeddable":true,"href":"https:\/\/4cantosalagoas.com.br\/portal\/wp-json\/wp\/v2\/media\/24885"}],"wp:attachment":[{"href":"https:\/\/4cantosalagoas.com.br\/portal\/wp-json\/wp\/v2\/media?parent=24884"}],"wp:term":[{"taxonomy":"category","embeddable":true,"href":"https:\/\/4cantosalagoas.com.br\/portal\/wp-json\/wp\/v2\/categories?post=24884"},{"taxonomy":"post_tag","embeddable":true,"href":"https:\/\/4cantosalagoas.com.br\/portal\/wp-json\/wp\/v2\/tags?post=24884"}],"curies":[{"name":"wp","href":"https:\/\/api.w.org\/{rel}","templated":true}]}}