{"id":24874,"date":"2025-10-21T07:41:56","date_gmt":"2025-10-21T10:41:56","guid":{"rendered":"https:\/\/4cantosalagoas.com.br\/portal\/?p=24874"},"modified":"2025-10-21T07:41:56","modified_gmt":"2025-10-21T10:41:56","slug":"32o-festival-municipal-de-bumba-meu-boi-reunira-mais-de-30-competidores","status":"publish","type":"post","link":"https:\/\/4cantosalagoas.com.br\/portal\/32o-festival-municipal-de-bumba-meu-boi-reunira-mais-de-30-competidores\/","title":{"rendered":"32\u00ba Festival Municipal de Bumba Meu Boi reunir\u00e1 mais de 30 competidores"},"content":{"rendered":"<p data-base-font=\"18\"><span data-base-font=\"18\">O som dos tambores, as cores vibrantes e a energia contagiante dos grupos de Bumba Meu Boi voltam a tomar conta de Macei\u00f3 nos dias 24 e 25 de outubro, a partir das 18h, no Estacionamento de Jaragu\u00e1. Em sua 32\u00aa edi\u00e7\u00e3o, o Festival Municipal de Bumba Meu Boi promete dois dias de celebra\u00e7\u00e3o, tradi\u00e7\u00e3o e resist\u00eancia cultural.<\/span><\/p>\n<p data-base-font=\"18\"><span data-base-font=\"18\">Realizado pela Funda\u00e7\u00e3o Municipal de A\u00e7\u00e3o Cultural (FMAC), em parceria com a Liga de Bumba Meu Boi de Alagoas, o festival reunir\u00e1 mais de 30 grupos de toda a cidade.<\/span><\/p>\n<p data-base-font=\"18\"><span data-base-font=\"18\">Os bois que participam do festival vem de diferentes bairros de Macei\u00f3, levando consigo hist\u00f3rias, ritmos e personagens que representam a alma da cidade. O evento \u00e9 resultado do esfor\u00e7o coletivo de mestres, brincantes e fam\u00edlias inteiras que mant\u00eam viva a tradi\u00e7\u00e3o do Bumba Meu Boi, um patrim\u00f4nio cultural que resiste ao tempo e se renova a cada edi\u00e7\u00e3o.<\/span><\/p>\n<p data-base-font=\"18\"><span data-base-font=\"18\">Mais do que uma competi\u00e7\u00e3o, o festival \u00e9 uma grande celebra\u00e7\u00e3o da tradi\u00e7\u00e3o e da resist\u00eancia cultural, que mobiliza comunidades dos mais diversos bairros de Macei\u00f3. Cada grupo leva ao palco o resultado de meses de prepara\u00e7\u00e3o, preservando uma manifesta\u00e7\u00e3o que atravessa gera\u00e7\u00f5es e que segue viva no cora\u00e7\u00e3o do povo maceioense.<\/span><\/p>\n<p data-base-font=\"18\"><span data-base-font=\"18\">Segundo o presidente da FMAC, Myriel Neto, o festival reafirma o compromisso da gest\u00e3o municipal com a cultura popular e com os grupos que mant\u00eam vivas as tradi\u00e7\u00f5es da cidade.<\/span><\/p>\n<p data-base-font=\"18\"><span data-base-font=\"18\">\u201cO Bumba Meu Boi \u00e9 uma das express\u00f5es mais fortes da nossa cultura. \u00c9 emocionante ver como essa tradi\u00e7\u00e3o mobiliza os bairros, as fam\u00edlias e as comunidades de Macei\u00f3. A FMAC tem trabalhado para garantir que essas manifesta\u00e7\u00f5es continuem crescendo e ocupando o lugar que merecem\u201d, destacou Myriel.<\/span><\/p>\n<p data-base-font=\"18\"><span data-base-font=\"18\">O Festival Municipal de Bumba Meu Boi \u00e9 um dos eventos mais tradicionais do calend\u00e1rio cultural de Macei\u00f3 e deve reunir centenas de brincantes e admiradores. Al\u00e9m da disputa pelo t\u00edtulo, o festival celebra a uni\u00e3o, a criatividade e a identidade de um povo que transforma hist\u00f3ria em espet\u00e1culo.<\/span><\/p>\n<p data-base-font=\"18\">Assessoria<\/p>\n","protected":false},"excerpt":{"rendered":"<p>O som dos tambores, as cores vibrantes e a energia contagiante dos grupos de Bumba Meu Boi<\/p>\n","protected":false},"author":1,"featured_media":24875,"comment_status":"closed","ping_status":"open","sticky":false,"template":"","format":"standard","meta":{"footnotes":""},"categories":[60],"tags":[],"class_list":["post-24874","post","type-post","status-publish","format-standard","has-post-thumbnail","hentry","category-capa"],"_links":{"self":[{"href":"https:\/\/4cantosalagoas.com.br\/portal\/wp-json\/wp\/v2\/posts\/24874","targetHints":{"allow":["GET"]}}],"collection":[{"href":"https:\/\/4cantosalagoas.com.br\/portal\/wp-json\/wp\/v2\/posts"}],"about":[{"href":"https:\/\/4cantosalagoas.com.br\/portal\/wp-json\/wp\/v2\/types\/post"}],"author":[{"embeddable":true,"href":"https:\/\/4cantosalagoas.com.br\/portal\/wp-json\/wp\/v2\/users\/1"}],"replies":[{"embeddable":true,"href":"https:\/\/4cantosalagoas.com.br\/portal\/wp-json\/wp\/v2\/comments?post=24874"}],"version-history":[{"count":1,"href":"https:\/\/4cantosalagoas.com.br\/portal\/wp-json\/wp\/v2\/posts\/24874\/revisions"}],"predecessor-version":[{"id":24876,"href":"https:\/\/4cantosalagoas.com.br\/portal\/wp-json\/wp\/v2\/posts\/24874\/revisions\/24876"}],"wp:featuredmedia":[{"embeddable":true,"href":"https:\/\/4cantosalagoas.com.br\/portal\/wp-json\/wp\/v2\/media\/24875"}],"wp:attachment":[{"href":"https:\/\/4cantosalagoas.com.br\/portal\/wp-json\/wp\/v2\/media?parent=24874"}],"wp:term":[{"taxonomy":"category","embeddable":true,"href":"https:\/\/4cantosalagoas.com.br\/portal\/wp-json\/wp\/v2\/categories?post=24874"},{"taxonomy":"post_tag","embeddable":true,"href":"https:\/\/4cantosalagoas.com.br\/portal\/wp-json\/wp\/v2\/tags?post=24874"}],"curies":[{"name":"wp","href":"https:\/\/api.w.org\/{rel}","templated":true}]}}