{"id":24804,"date":"2025-10-06T07:38:25","date_gmt":"2025-10-06T10:38:25","guid":{"rendered":"https:\/\/4cantosalagoas.com.br\/portal\/?p=24804"},"modified":"2025-10-06T07:38:25","modified_gmt":"2025-10-06T10:38:25","slug":"saude-de-maceio-lanca-estrategia-nacional-de-multivacinacao-nesta-segunda-6","status":"publish","type":"post","link":"https:\/\/4cantosalagoas.com.br\/portal\/saude-de-maceio-lanca-estrategia-nacional-de-multivacinacao-nesta-segunda-6\/","title":{"rendered":"Sa\u00fade de Macei\u00f3 lan\u00e7a Estrat\u00e9gia Nacional de Multivacina\u00e7\u00e3o nesta segunda (6)"},"content":{"rendered":"<header class=\"news-header\" data-base-font=\"14\">\n<figure data-base-font=\"14\"><figcaption data-base-font=\"14\">Foto: Secom Macei\u00f3<\/figcaption><\/figure>\n<\/header>\n<section class=\"news-content --content block-internal\" data-base-font=\"14\">\n<p data-base-font=\"18\"><span data-base-font=\"18\">A Secretaria de Sa\u00fade de Macei\u00f3 (SMS), por meio da Coordena\u00e7\u00e3o T\u00e9cnica de Imuniza\u00e7\u00e3o, inicia na pr\u00f3xima segunda-feira, 6 de outubro, a Estrat\u00e9gia Nacional de Multivacina\u00e7\u00e3o 2025. A a\u00e7\u00e3o tem como p\u00fablico-alvo crian\u00e7as e adolescentes menores de 15 anos (14 anos, 11 meses e 29 dias) e visa avaliar e atualizar a caderneta vacinal, garantindo a prote\u00e7\u00e3o contra diversas doen\u00e7as imunopreven\u00edveis.<\/span><\/p>\n<p class=\"text-justify\" data-base-font=\"18\"><span data-base-font=\"18\">Durante o per\u00edodo, as vacinas previstas no Calend\u00e1rio Nacional de Vacina\u00e7\u00e3o para o p\u00fablico alvo estar\u00e3o dispon\u00edveis em todas as unidades de sa\u00fade e pontos de vacina\u00e7\u00e3o do munic\u00edpio, com exce\u00e7\u00e3o das vacinas BCG e Covid-19 que possuem Unidades de Refer\u00eancia.<\/span><\/p>\n<p class=\"text-justify\" data-base-font=\"18\"><span data-base-font=\"18\">\u201cEsta estrat\u00e9gia ser\u00e1 uma oportunidade para realiza\u00e7\u00e3o do resgate de adolescentes com idade entre 15 e 19 anos que n\u00e3o foram vacinados contra HPV, bem como de revisar o hist\u00f3rico de vacina\u00e7\u00e3o contra o sarampo daqueles que ainda n\u00e3o completaram o esquema vacinal\u201d, destaca Eunice Amorim, coordenadora T\u00e9cnica de Imuniza\u00e7\u00e3o de Macei\u00f3.\u00a0<\/span><\/p>\n<p class=\"text-justify\" data-base-font=\"18\"><span data-base-font=\"18\">A SMS refor\u00e7a a import\u00e2ncia da participa\u00e7\u00e3o das fam\u00edlias e orienta pais e respons\u00e1veis a levarem a caderneta de vacina\u00e7\u00e3o para avalia\u00e7\u00e3o e atualiza\u00e7\u00e3o pelas equipes de sa\u00fade.<\/span><\/p>\n<p class=\"text-justify\" data-base-font=\"18\"><span data-base-font=\"18\"><strong data-base-font=\"18\">Locais de vacina\u00e7\u00e3o<\/strong><\/span><\/p>\n<p class=\"text-justify\" data-base-font=\"18\"><span data-base-font=\"18\">Salas de Vacina\u00e7\u00e3o de todas as Unidades de Sa\u00fade de Macei\u00f3, al\u00e9m dos pontos fixos de vacina\u00e7\u00e3o como:<\/span><\/p>\n<p class=\"text-justify\" data-base-font=\"18\"><span data-base-font=\"18\">Macei\u00f3 Shopping \u2013 12h \u00e0s 20h (segunda a domingo);<\/span><\/p>\n<p class=\"text-justify\" data-base-font=\"18\"><span data-base-font=\"18\">P\u00e1tio Shopping \u2013 12h \u00e0s 20h (segunda a domingo);<\/span><\/p>\n<p class=\"text-justify\" data-base-font=\"18\"><span data-base-font=\"18\">Centro de Atendimento ao Turista (CAT) \u2013 8h \u00e0s 19h (segunda a s\u00e1bado); 8h \u00e0s 13h \u00e0s 12h (domingo).<\/span><\/p>\n<p data-base-font=\"18\">Assessoria<\/p>\n<\/section>\n","protected":false},"excerpt":{"rendered":"<p>Foto: Secom Macei\u00f3 A Secretaria de Sa\u00fade de Macei\u00f3 (SMS), por meio da Coordena\u00e7\u00e3o T\u00e9cnica de Imuniza\u00e7\u00e3o,<\/p>\n","protected":false},"author":1,"featured_media":24805,"comment_status":"closed","ping_status":"open","sticky":false,"template":"","format":"standard","meta":{"footnotes":""},"categories":[60],"tags":[],"class_list":["post-24804","post","type-post","status-publish","format-standard","has-post-thumbnail","hentry","category-capa"],"_links":{"self":[{"href":"https:\/\/4cantosalagoas.com.br\/portal\/wp-json\/wp\/v2\/posts\/24804","targetHints":{"allow":["GET"]}}],"collection":[{"href":"https:\/\/4cantosalagoas.com.br\/portal\/wp-json\/wp\/v2\/posts"}],"about":[{"href":"https:\/\/4cantosalagoas.com.br\/portal\/wp-json\/wp\/v2\/types\/post"}],"author":[{"embeddable":true,"href":"https:\/\/4cantosalagoas.com.br\/portal\/wp-json\/wp\/v2\/users\/1"}],"replies":[{"embeddable":true,"href":"https:\/\/4cantosalagoas.com.br\/portal\/wp-json\/wp\/v2\/comments?post=24804"}],"version-history":[{"count":1,"href":"https:\/\/4cantosalagoas.com.br\/portal\/wp-json\/wp\/v2\/posts\/24804\/revisions"}],"predecessor-version":[{"id":24806,"href":"https:\/\/4cantosalagoas.com.br\/portal\/wp-json\/wp\/v2\/posts\/24804\/revisions\/24806"}],"wp:featuredmedia":[{"embeddable":true,"href":"https:\/\/4cantosalagoas.com.br\/portal\/wp-json\/wp\/v2\/media\/24805"}],"wp:attachment":[{"href":"https:\/\/4cantosalagoas.com.br\/portal\/wp-json\/wp\/v2\/media?parent=24804"}],"wp:term":[{"taxonomy":"category","embeddable":true,"href":"https:\/\/4cantosalagoas.com.br\/portal\/wp-json\/wp\/v2\/categories?post=24804"},{"taxonomy":"post_tag","embeddable":true,"href":"https:\/\/4cantosalagoas.com.br\/portal\/wp-json\/wp\/v2\/tags?post=24804"}],"curies":[{"name":"wp","href":"https:\/\/api.w.org\/{rel}","templated":true}]}}