{"id":24694,"date":"2025-09-11T08:49:17","date_gmt":"2025-09-11T11:49:17","guid":{"rendered":"https:\/\/4cantosalagoas.com.br\/portal\/?p=24694"},"modified":"2025-09-11T08:49:17","modified_gmt":"2025-09-11T11:49:17","slug":"estadio-rei-pele-recebe-evento-arbitragem-sem-fronteiras-nesta-quinta-feira","status":"publish","type":"post","link":"https:\/\/4cantosalagoas.com.br\/portal\/estadio-rei-pele-recebe-evento-arbitragem-sem-fronteiras-nesta-quinta-feira\/","title":{"rendered":"Est\u00e1dio Rei Pel\u00e9 recebe evento \u201cArbitragem Sem Fronteiras\u201d nesta quinta-feira"},"content":{"rendered":"<p><strong>\u00a0Foto\/Ascom Selaj<\/strong><\/p>\n<p>&nbsp;<\/p>\n<p>A Secretaria de Estado do Esporte, Lazer e Juventude (Selaj), em parceria com a Federa\u00e7\u00e3o Alagoana de Futebol (FAF), receber\u00e1 a partir dessa quinta-feira (11), o semin\u00e1rio da Confedera\u00e7\u00e3o Brasileira de Futebol (CBF), \u201cArbitragem Sem Fronteiras\u201d.<\/p>\n<p>&nbsp;<\/p>\n<p>O evento acontecer\u00e1 at\u00e9 s\u00e1bado (13), no audit\u00f3rio Lauthenay Perdig\u00e3o, localizado no 1\u00ba piso do Est\u00e1dio Rei Pel\u00e9 e tamb\u00e9m no campo. As atividades incluem palestras, treinos t\u00e1ticos e t\u00e9cnicos para todo o quadro de arbitragem de Alagoas.<\/p>\n<p>A secret\u00e1ria Lydia Pollyana, comentou a import\u00e2ncia de receber esse grande evento da arbitragem no Est\u00e1dio Rei Pel\u00e9. \u201cMuito importante para n\u00f3s, como Secretaria de Esporte, poder oportunizar a realiza\u00e7\u00e3o do \u201cArbitragem Sem Fronteira\u201d, que capacita e desenvolve ainda mais o quadro de arbitragem alagoana, qualificando, tamb\u00e9m, o esporte do nosso estado. Ent\u00e3o, para n\u00f3s \u00e9 uma grande alegria receber este evento aqui no Est\u00e1dio Rei Pel\u00e9\u201d, concluiu.<\/p>\n<p>&nbsp;<\/p>\n<p>O semin\u00e1rio \u00e9 uma iniciativa da CBF, em parceria com as federa\u00e7\u00f5es locais de todos os estados do Brasil, que visa valorizar e desenvolver a arbitragem nacional, buscando talentos em todas as regi\u00f5es do pa\u00eds para a renova\u00e7\u00e3o do quadro de \u00e1rbitros e a qualifica\u00e7\u00e3o t\u00e9cnica e disciplinar, de forma unificada.<\/p>\n<p>&nbsp;<\/p>\n<p>O projeto promove eventos que aproximam a arbitragem de clubes e demais atores do futebol, quebrando barreiras f\u00edsicas, sociais e culturais, e fortalecendo a integra\u00e7\u00e3o e o profissionalismo no ambiente esportivo.<\/p>\n<p>&nbsp;<\/p>\n<p>O secret\u00e1rio Especial de Gest\u00e3o da Selaj, Charles Hebert, elogiou a atua\u00e7\u00e3o da CBF e da Comiss\u00e3o Nacional de Arbitragem na condu\u00e7\u00e3o do desenvolvimento da arbitragem brasileira. \u201cParabenizo a CBF, em nome do Presidente Samir Xaud e o Presidente da Comiss\u00e3o Nacional de Arbitragem, Rodrigo Cintra, que est\u00e3o trabalhando incansavelmente para fortalecer e capacitar a arbitragem brasileira. Um grande trabalho!\u201d<\/p>\n<p>&nbsp;<\/p>\n<p><b>Confira a programa\u00e7\u00e3o:<\/b><\/p>\n<p>&nbsp;<\/p>\n<p><b>1\u00ba Dia \u2013 Quinta-feira, dia 11 \u2013 Audit\u00f3rio<\/b><\/p>\n<p>14h00 \u00e0s 15h00 \u2013 Abertura (Todos do quadro local)<\/p>\n<p>15h00 \u00e0s 16h30 \u2013 Tema: Controle de Jogo<\/p>\n<p>16h30 \u00e0s 17h00 \u2013 Coffee Break<\/p>\n<p>17h00 \u00e0s 18h30 \u2013 Tema: Disputa<\/p>\n<p>18h30 \u00e0s 20h00 \u2013 Tema: Faltas T\u00e1ticas<\/p>\n<p>&nbsp;<\/p>\n<p>2\u00ba Dia \u2013 Sexta-feira, dia 12<\/p>\n<p>Campo de futebol<br \/>\n08h00 \u00e0s 12h00 \u2013 T\u00e9cnico e F\u00edsico (Todos do quadro local)<\/p>\n<p>Audit\u00f3rio<br \/>\n14h00 \u00e0s 15h30 \u2013 Tema: M\u00e3os<\/p>\n<p>15h30 \u00e0s 17h00 \u2013 Tema: Impedimento<\/p>\n<p>17h00 \u00e0s 17h30 \u2013 Coffee Break<\/p>\n<p>17h30 \u00e0s 18h00 \u2013 Tema: \u00c1rea Penal<\/p>\n<p>18h00 \u00e0s 19h00 \u2013 Como construir uma carreira de sucesso<\/p>\n<p>19h00 \u00e0s 20h00 \u2013 Encerramento<\/p>\n<p>&nbsp;<\/p>\n<p><b>3\u00ba Dia\u2013 S\u00e1bado, dia 13 \u2013 Campo de Futebol<\/b><\/p>\n<p>&nbsp;<\/p>\n<p>08h00 \u00e0s 12h00 \u2013 T\u00e9cnico e F\u00edsico (Todos do quadro local)<\/p>\n","protected":false},"excerpt":{"rendered":"<p>\u00a0Foto\/Ascom Selaj &nbsp; A Secretaria de Estado do Esporte, Lazer e Juventude (Selaj), em parceria com a<\/p>\n","protected":false},"author":1,"featured_media":24695,"comment_status":"closed","ping_status":"open","sticky":false,"template":"","format":"standard","meta":{"footnotes":""},"categories":[60],"tags":[],"class_list":["post-24694","post","type-post","status-publish","format-standard","has-post-thumbnail","hentry","category-capa"],"_links":{"self":[{"href":"https:\/\/4cantosalagoas.com.br\/portal\/wp-json\/wp\/v2\/posts\/24694","targetHints":{"allow":["GET"]}}],"collection":[{"href":"https:\/\/4cantosalagoas.com.br\/portal\/wp-json\/wp\/v2\/posts"}],"about":[{"href":"https:\/\/4cantosalagoas.com.br\/portal\/wp-json\/wp\/v2\/types\/post"}],"author":[{"embeddable":true,"href":"https:\/\/4cantosalagoas.com.br\/portal\/wp-json\/wp\/v2\/users\/1"}],"replies":[{"embeddable":true,"href":"https:\/\/4cantosalagoas.com.br\/portal\/wp-json\/wp\/v2\/comments?post=24694"}],"version-history":[{"count":1,"href":"https:\/\/4cantosalagoas.com.br\/portal\/wp-json\/wp\/v2\/posts\/24694\/revisions"}],"predecessor-version":[{"id":24696,"href":"https:\/\/4cantosalagoas.com.br\/portal\/wp-json\/wp\/v2\/posts\/24694\/revisions\/24696"}],"wp:featuredmedia":[{"embeddable":true,"href":"https:\/\/4cantosalagoas.com.br\/portal\/wp-json\/wp\/v2\/media\/24695"}],"wp:attachment":[{"href":"https:\/\/4cantosalagoas.com.br\/portal\/wp-json\/wp\/v2\/media?parent=24694"}],"wp:term":[{"taxonomy":"category","embeddable":true,"href":"https:\/\/4cantosalagoas.com.br\/portal\/wp-json\/wp\/v2\/categories?post=24694"},{"taxonomy":"post_tag","embeddable":true,"href":"https:\/\/4cantosalagoas.com.br\/portal\/wp-json\/wp\/v2\/tags?post=24694"}],"curies":[{"name":"wp","href":"https:\/\/api.w.org\/{rel}","templated":true}]}}