{"id":24293,"date":"2025-06-20T08:44:21","date_gmt":"2025-06-20T11:44:21","guid":{"rendered":"https:\/\/4cantosalagoas.com.br\/portal\/?p=24293"},"modified":"2025-06-20T08:44:21","modified_gmt":"2025-06-20T11:44:21","slug":"judiciario-de-alagoas-entra-em-recesso-a-partir-de-segunda-23","status":"publish","type":"post","link":"https:\/\/4cantosalagoas.com.br\/portal\/judiciario-de-alagoas-entra-em-recesso-a-partir-de-segunda-23\/","title":{"rendered":"Judici\u00e1rio de Alagoas entra em recesso a partir de segunda (23)"},"content":{"rendered":"<p>O Poder Judici\u00e1rio de Alagoas entra em recesso a partir de segunda-feira (23). O retorno das atividades ocorrer\u00e1 no dia 1 de julho. A partir desta quinta (19), feriado de Corpus Christi, os prazos processuais ficam suspensos e a Justi\u00e7a funciona em regime de plant\u00e3o, para resolver casos urgentes.<\/p>\n<p>Confira\u00a0<a href=\"https:\/\/diati.tjal.jus.br\/downloads\/Caderno3-Administrativo-4-5.pdf\" target=\"_blank\" rel=\"noopener noreferrer nofollow\"><strong>aqui<\/strong><\/a>\u00a0o ato normativo que regulamenta os feriados de 2025.<\/p>\n<p>Durante o recesso forense, no segundo grau de jurisdi\u00e7\u00e3o, o vice-presidente do Tribunal de Justi\u00e7a de Alagoas (TJAL), desembargador Carlos Cavalcanti, ser\u00e1 o plantonista de 19 a 24 de junho. O presidente da Corte, desembargador F\u00e1bio Bittencourt, ser\u00e1 o plantonista de 25 a 30 de junho.<\/p>\n<p>Em Macei\u00f3, de 23 a 26 de junho, os ju\u00edzes Luis Filipe e Ygor Figueir\u00eado atender\u00e3o \u00e0s demandas c\u00edveis e criminais, respectivamente. De 27 a 30 de junho, a magistrada Bruna Figueiredo atender\u00e1 os casos de urg\u00eancia da \u00e1rea c\u00edvel, enquanto Jo\u00e3o Paulo Martins atender\u00e1 os casos da \u00e1rea criminal.<\/p>\n<p>Interior<\/p>\n<p>O plant\u00e3o no interior de Alagoas ocorrer\u00e1 nas seguintes comarcas:<\/p>\n<p>1\u00aa circunscri\u00e7\u00e3o<\/p>\n<p>Cajueiro (23 a 26\/6)<\/p>\n<p>Rio Largo (27 a 30\/06)<\/p>\n<p>2\u00aa circunscri\u00e7\u00e3o<\/p>\n<p>Palmeira dos \u00cdndios (23 a 26\/6)<\/p>\n<p>Anadia (27 a 30\/06)<\/p>\n<p>3\u00aa circunscri\u00e7\u00e3o<\/p>\n<p>Cacimbinhas (23 a 26\/6)<\/p>\n<p>P\u00e3o de A\u00e7\u00facar (27 a 30\/06)<\/p>\n<p>4\u00aa circunscri\u00e7\u00e3o<\/p>\n<p>Pia\u00e7abu\u00e7u (23 a 26\/6)<\/p>\n<p>Porto Real do Col\u00e9gio (27 a 30\/06)<\/p>\n<p>5\u00aa circunscri\u00e7\u00e3o<\/p>\n<p>S\u00e3o Jos\u00e9 da Laje (23 a 26\/6)<\/p>\n<p>Paripueira (27 a 30\/06)<\/p>\n<p>Cada circunscri\u00e7\u00e3o atende um grupo de comarcas. A lista pode ser conferida\u00a0<a href=\"https:\/\/www.tjal.jus.br\/downloads\/Port-740.2025-Plantao-Juizes-Interior-RECESSO-JUNHO-2025.pdf\" target=\"_blank\" rel=\"noopener noreferrer nofollow\">aqui<\/a>.<\/p>\n<p>&nbsp;<\/p>\n<p>&nbsp;<\/p>\n<p><strong>\u00a0Dicom TJAL<\/strong><\/p>\n","protected":false},"excerpt":{"rendered":"<p>O Poder Judici\u00e1rio de Alagoas entra em recesso a partir de segunda-feira (23). O retorno das atividades<\/p>\n","protected":false},"author":1,"featured_media":24294,"comment_status":"closed","ping_status":"open","sticky":false,"template":"","format":"standard","meta":{"footnotes":""},"categories":[60],"tags":[],"class_list":["post-24293","post","type-post","status-publish","format-standard","has-post-thumbnail","hentry","category-capa"],"_links":{"self":[{"href":"https:\/\/4cantosalagoas.com.br\/portal\/wp-json\/wp\/v2\/posts\/24293","targetHints":{"allow":["GET"]}}],"collection":[{"href":"https:\/\/4cantosalagoas.com.br\/portal\/wp-json\/wp\/v2\/posts"}],"about":[{"href":"https:\/\/4cantosalagoas.com.br\/portal\/wp-json\/wp\/v2\/types\/post"}],"author":[{"embeddable":true,"href":"https:\/\/4cantosalagoas.com.br\/portal\/wp-json\/wp\/v2\/users\/1"}],"replies":[{"embeddable":true,"href":"https:\/\/4cantosalagoas.com.br\/portal\/wp-json\/wp\/v2\/comments?post=24293"}],"version-history":[{"count":1,"href":"https:\/\/4cantosalagoas.com.br\/portal\/wp-json\/wp\/v2\/posts\/24293\/revisions"}],"predecessor-version":[{"id":24295,"href":"https:\/\/4cantosalagoas.com.br\/portal\/wp-json\/wp\/v2\/posts\/24293\/revisions\/24295"}],"wp:featuredmedia":[{"embeddable":true,"href":"https:\/\/4cantosalagoas.com.br\/portal\/wp-json\/wp\/v2\/media\/24294"}],"wp:attachment":[{"href":"https:\/\/4cantosalagoas.com.br\/portal\/wp-json\/wp\/v2\/media?parent=24293"}],"wp:term":[{"taxonomy":"category","embeddable":true,"href":"https:\/\/4cantosalagoas.com.br\/portal\/wp-json\/wp\/v2\/categories?post=24293"},{"taxonomy":"post_tag","embeddable":true,"href":"https:\/\/4cantosalagoas.com.br\/portal\/wp-json\/wp\/v2\/tags?post=24293"}],"curies":[{"name":"wp","href":"https:\/\/api.w.org\/{rel}","templated":true}]}}