{"id":24287,"date":"2025-06-20T08:38:34","date_gmt":"2025-06-20T11:38:34","guid":{"rendered":"https:\/\/4cantosalagoas.com.br\/portal\/?p=24287"},"modified":"2025-06-20T08:38:34","modified_gmt":"2025-06-20T11:38:34","slug":"sextou-no-centro-reune-arte-e-alegria-em-mais-uma-celebracao-junina-no-calcadao-do-comercio","status":"publish","type":"post","link":"https:\/\/4cantosalagoas.com.br\/portal\/sextou-no-centro-reune-arte-e-alegria-em-mais-uma-celebracao-junina-no-calcadao-do-comercio\/","title":{"rendered":"Sextou no Centro re\u00fane arte e alegria em mais uma celebra\u00e7\u00e3o junina no Cal\u00e7ad\u00e3o do Com\u00e9rcio"},"content":{"rendered":"<p>Nesta sexta-feira (20), o Cal\u00e7ad\u00e3o do Com\u00e9rcio, em Macei\u00f3, ser\u00e1 palco de mais uma edi\u00e7\u00e3o especial do Sextou no Centro, que promete animar a tarde da capital com muita cultura e tradi\u00e7\u00e3o junina. Das 16h \u00e0s 20h, o p\u00fablico poder\u00e1 prestigiar shows e apresenta\u00e7\u00f5es culturais.<\/p>\n<p>A programa\u00e7\u00e3o traz atra\u00e7\u00f5es diversificadas, come\u00e7ando pelo Mamulengo das Alagoas, espet\u00e1culo que mistura teatro de bonecos e folclore, valorizando essa express\u00e3o popular t\u00e3o querida na regi\u00e3o. Em seguida, a Junina Santa F\u00e9 torna o cal\u00e7ad\u00e3o em um grande arrai\u00e1, com a energia contagiante das quadrilhas que celebram as festas de S\u00e3o Jo\u00e3o com coreografias e hist\u00f3rias cheias de alegria.<\/p>\n<p>Fechando o evento, o cantor Ivaldo Macei\u00f3 promete animar o p\u00fablico com um repert\u00f3rio de forr\u00f3 e ritmos nordestinos, embalando a noite com m\u00fasicas que fazem parte da identidade cultural alagoana.<\/p>\n<p>O Sextou no Centro \u00e9 uma iniciativa da Funda\u00e7\u00e3o Municipal de A\u00e7\u00e3o Cultural (FMAC) que busca valorizar a cultura local, incentivando a participa\u00e7\u00e3o popular e oferecendo momentos de lazer e entretenimento para todos. O evento refor\u00e7a o compromisso da FMAC em promover as tradi\u00e7\u00f5es regionais e fomentar a arte e a cultura em espa\u00e7os p\u00fablicos de Macei\u00f3.<\/p>\n<p>Assessoria<\/p>\n","protected":false},"excerpt":{"rendered":"<p>Nesta sexta-feira (20), o Cal\u00e7ad\u00e3o do Com\u00e9rcio, em Macei\u00f3, ser\u00e1 palco de mais uma edi\u00e7\u00e3o especial do<\/p>\n","protected":false},"author":1,"featured_media":24288,"comment_status":"closed","ping_status":"open","sticky":false,"template":"","format":"standard","meta":{"footnotes":""},"categories":[60],"tags":[],"class_list":["post-24287","post","type-post","status-publish","format-standard","has-post-thumbnail","hentry","category-capa"],"_links":{"self":[{"href":"https:\/\/4cantosalagoas.com.br\/portal\/wp-json\/wp\/v2\/posts\/24287","targetHints":{"allow":["GET"]}}],"collection":[{"href":"https:\/\/4cantosalagoas.com.br\/portal\/wp-json\/wp\/v2\/posts"}],"about":[{"href":"https:\/\/4cantosalagoas.com.br\/portal\/wp-json\/wp\/v2\/types\/post"}],"author":[{"embeddable":true,"href":"https:\/\/4cantosalagoas.com.br\/portal\/wp-json\/wp\/v2\/users\/1"}],"replies":[{"embeddable":true,"href":"https:\/\/4cantosalagoas.com.br\/portal\/wp-json\/wp\/v2\/comments?post=24287"}],"version-history":[{"count":1,"href":"https:\/\/4cantosalagoas.com.br\/portal\/wp-json\/wp\/v2\/posts\/24287\/revisions"}],"predecessor-version":[{"id":24289,"href":"https:\/\/4cantosalagoas.com.br\/portal\/wp-json\/wp\/v2\/posts\/24287\/revisions\/24289"}],"wp:featuredmedia":[{"embeddable":true,"href":"https:\/\/4cantosalagoas.com.br\/portal\/wp-json\/wp\/v2\/media\/24288"}],"wp:attachment":[{"href":"https:\/\/4cantosalagoas.com.br\/portal\/wp-json\/wp\/v2\/media?parent=24287"}],"wp:term":[{"taxonomy":"category","embeddable":true,"href":"https:\/\/4cantosalagoas.com.br\/portal\/wp-json\/wp\/v2\/categories?post=24287"},{"taxonomy":"post_tag","embeddable":true,"href":"https:\/\/4cantosalagoas.com.br\/portal\/wp-json\/wp\/v2\/tags?post=24287"}],"curies":[{"name":"wp","href":"https:\/\/api.w.org\/{rel}","templated":true}]}}