{"id":24279,"date":"2025-06-19T08:44:42","date_gmt":"2025-06-19T11:44:42","guid":{"rendered":"https:\/\/4cantosalagoas.com.br\/portal\/?p=24279"},"modified":"2025-06-19T08:44:42","modified_gmt":"2025-06-19T11:44:42","slug":"confira-o-funcionamento-de-feiras-e-mercados-publicos-nos-feriados","status":"publish","type":"post","link":"https:\/\/4cantosalagoas.com.br\/portal\/confira-o-funcionamento-de-feiras-e-mercados-publicos-nos-feriados\/","title":{"rendered":"Confira o funcionamento de feiras e mercados p\u00fablicos nos feriados"},"content":{"rendered":"<header class=\"news-header\">\n<figure><figcaption>Foto: Alisson Fraz\u00e3o\/ Secom Macei\u00f3<\/figcaption><\/figure>\n<\/header>\n<section class=\"news-content --content block-internal\">Os mercados p\u00fablicos e feiras livres, administrados pela Prefeitura de Macei\u00f3, v\u00e3o funcionar em hor\u00e1rios diferenciados nesta quinta-feira (19), feriado de Corpus Christi, sexta-feira (20), ponto facultativo, segunda-feira (23), ponto facultativo, e ter\u00e7a-feira (24), feriado de S\u00e3o Jo\u00e3o.<\/p>\n<p><strong>Confira os hor\u00e1rios:<\/strong><\/p>\n<p><strong>MERCADO DO ARTESANATO<\/strong><\/p>\n<p>Dia 19\/06: 7h \u00e0s 12h;<\/p>\n<p>Dias 23\/06 e 24\/06: 7h \u00e0s 17h.<\/p>\n<p><strong>MERCADO DO BENEDITO BENTES<\/strong><\/p>\n<p>Dia 19\/06: 6h \u00e0s 13h;<\/p>\n<p>Dias 20, 21, 22, 23 e 24\/06: 5h \u00e0s 13h.<\/p>\n<p><strong>MERCADO DA PRODU\u00c7\u00c3O<\/strong><\/p>\n<p>Dia 19\/06: \u00a05h \u00e0s 13h;<\/p>\n<p>Dia 20\/06: 5h \u00e0s 15h;<\/p>\n<p>Dia 23\/06: 5h \u00e0s 15h;<\/p>\n<p>Dia 24\/06: 5h \u00e0s 13h.<\/p>\n<p><strong>MERCADO E FEIRA DO JACINTINHO<\/strong><\/p>\n<p>De 19\/06 a 24\/06: 5h \u00e0s 15h.<\/p>\n<p><strong>MERCADO E FEIRA DO TABULEIRO<\/strong><\/p>\n<p>De 19\/06 a 24\/06: 6h \u00e0s 14h.<\/p>\n<p><strong>MERCADO DO CAET\u00c9S<\/strong><\/p>\n<p>6h \u00e0s 14h.<\/p>\n<p><strong>SHOPPING DO CAET\u00c9S<\/strong><\/p>\n<p>6h \u00e0s 14h.<\/p>\n<p>SHOPPING POPULAR<\/p>\n<p>Dia 19\/06: das 8h \u00e0s 13h;<\/p>\n<p>Dia 20\/06: 6h \u00e0s 14h;<\/p>\n<p>Dia 23\/06: 6h \u00e0s 14h;<\/p>\n<p>Dia 24\/06: 8h \u00e0s 14h.<\/p>\n<p><strong>MERCADO DO JARAGU\u00c1<\/strong><\/p>\n<p>Das 6h \u00e0s 16h.<\/p>\n<p><strong>FEIRA DA JATI\u00daCA<\/strong><\/p>\n<p>Dia 19\/06: 7h \u00e0s 13h;<\/p>\n<p>Dia 20\/06: 6h \u00e0s 14h;<\/p>\n<p>Dia 23\/06: 6h \u00e0s 14h;<\/p>\n<p>Dia 24\/06: 7h \u00e0s 13h.<\/p>\n<p><strong>CENTRO PESQUEIRO<\/strong><\/p>\n<p>De 19\/06 a 24\/06 \u2013 6h \u00e0s 14h.<\/p>\n<\/section>\n","protected":false},"excerpt":{"rendered":"<p>Foto: Alisson Fraz\u00e3o\/ Secom Macei\u00f3 Os mercados p\u00fablicos e feiras livres, administrados pela Prefeitura de Macei\u00f3, v\u00e3o<\/p>\n","protected":false},"author":1,"featured_media":24280,"comment_status":"closed","ping_status":"open","sticky":false,"template":"","format":"standard","meta":{"footnotes":""},"categories":[60],"tags":[],"class_list":["post-24279","post","type-post","status-publish","format-standard","has-post-thumbnail","hentry","category-capa"],"_links":{"self":[{"href":"https:\/\/4cantosalagoas.com.br\/portal\/wp-json\/wp\/v2\/posts\/24279","targetHints":{"allow":["GET"]}}],"collection":[{"href":"https:\/\/4cantosalagoas.com.br\/portal\/wp-json\/wp\/v2\/posts"}],"about":[{"href":"https:\/\/4cantosalagoas.com.br\/portal\/wp-json\/wp\/v2\/types\/post"}],"author":[{"embeddable":true,"href":"https:\/\/4cantosalagoas.com.br\/portal\/wp-json\/wp\/v2\/users\/1"}],"replies":[{"embeddable":true,"href":"https:\/\/4cantosalagoas.com.br\/portal\/wp-json\/wp\/v2\/comments?post=24279"}],"version-history":[{"count":1,"href":"https:\/\/4cantosalagoas.com.br\/portal\/wp-json\/wp\/v2\/posts\/24279\/revisions"}],"predecessor-version":[{"id":24281,"href":"https:\/\/4cantosalagoas.com.br\/portal\/wp-json\/wp\/v2\/posts\/24279\/revisions\/24281"}],"wp:featuredmedia":[{"embeddable":true,"href":"https:\/\/4cantosalagoas.com.br\/portal\/wp-json\/wp\/v2\/media\/24280"}],"wp:attachment":[{"href":"https:\/\/4cantosalagoas.com.br\/portal\/wp-json\/wp\/v2\/media?parent=24279"}],"wp:term":[{"taxonomy":"category","embeddable":true,"href":"https:\/\/4cantosalagoas.com.br\/portal\/wp-json\/wp\/v2\/categories?post=24279"},{"taxonomy":"post_tag","embeddable":true,"href":"https:\/\/4cantosalagoas.com.br\/portal\/wp-json\/wp\/v2\/tags?post=24279"}],"curies":[{"name":"wp","href":"https:\/\/api.w.org\/{rel}","templated":true}]}}