{"id":2414,"date":"2018-04-14T08:27:25","date_gmt":"2018-04-14T11:27:25","guid":{"rendered":"http:\/\/4cantosalagoas.com.br\/portal\/?p=2414"},"modified":"2018-04-14T10:29:24","modified_gmt":"2018-04-14T13:29:24","slug":"van-com-passageiros-de-alagoas-se-envolve-em-acidente-em-pernambuco","status":"publish","type":"post","link":"https:\/\/4cantosalagoas.com.br\/portal\/van-com-passageiros-de-alagoas-se-envolve-em-acidente-em-pernambuco\/","title":{"rendered":"Van com passageiros de Alagoas se envolve em acidente em Pernambuco"},"content":{"rendered":"<p>Uma van que faz transporte alternativo de passageiros entre os munic\u00edpios de Arapiraca e S\u00e3o Sebasti\u00e3o, em Alagoas, se envolveu em um acidente na manh\u00e3 desta sexta-feira, dia 13. O sinistro foi registrado pela Pol\u00edcia Rodovia Federal no km 193, da BR 101, em Palmares (PE).<\/p>\n<p>De acordo com a PRF, o ve\u00edculo Mercedes Benz, modelo Sprint, cor prata, saiu da pista, antes de atingir a mureta de conten\u00e7\u00e3o entre as vias. A pista molhada pode ter contribu\u00eddo com o acidente.<\/p>\n<p>O choque provocou a destrui\u00e7\u00e3o parcial do carro, que teve os para-brisas destru\u00eddos. O ve\u00edculo ficou preso em um c\u00f3rrego as margens da rodovia, mas, segundo a pol\u00edcia, ningu\u00e9m ficou ferido.<\/p>\n<p>O n\u00famero de passageiros e o destino da van n\u00e3o foi informado pela PRF.<\/p>\n<p>Alagoasweb<\/p>\n","protected":false},"excerpt":{"rendered":"<p>Uma van que faz transporte alternativo de passageiros entre os munic\u00edpios de Arapiraca e S\u00e3o Sebasti\u00e3o, em<\/p>\n","protected":false},"author":1,"featured_media":2415,"comment_status":"open","ping_status":"open","sticky":false,"template":"","format":"standard","meta":{"footnotes":""},"categories":[60],"tags":[],"class_list":["post-2414","post","type-post","status-publish","format-standard","has-post-thumbnail","hentry","category-capa"],"_links":{"self":[{"href":"https:\/\/4cantosalagoas.com.br\/portal\/wp-json\/wp\/v2\/posts\/2414","targetHints":{"allow":["GET"]}}],"collection":[{"href":"https:\/\/4cantosalagoas.com.br\/portal\/wp-json\/wp\/v2\/posts"}],"about":[{"href":"https:\/\/4cantosalagoas.com.br\/portal\/wp-json\/wp\/v2\/types\/post"}],"author":[{"embeddable":true,"href":"https:\/\/4cantosalagoas.com.br\/portal\/wp-json\/wp\/v2\/users\/1"}],"replies":[{"embeddable":true,"href":"https:\/\/4cantosalagoas.com.br\/portal\/wp-json\/wp\/v2\/comments?post=2414"}],"version-history":[{"count":1,"href":"https:\/\/4cantosalagoas.com.br\/portal\/wp-json\/wp\/v2\/posts\/2414\/revisions"}],"predecessor-version":[{"id":2416,"href":"https:\/\/4cantosalagoas.com.br\/portal\/wp-json\/wp\/v2\/posts\/2414\/revisions\/2416"}],"wp:featuredmedia":[{"embeddable":true,"href":"https:\/\/4cantosalagoas.com.br\/portal\/wp-json\/wp\/v2\/media\/2415"}],"wp:attachment":[{"href":"https:\/\/4cantosalagoas.com.br\/portal\/wp-json\/wp\/v2\/media?parent=2414"}],"wp:term":[{"taxonomy":"category","embeddable":true,"href":"https:\/\/4cantosalagoas.com.br\/portal\/wp-json\/wp\/v2\/categories?post=2414"},{"taxonomy":"post_tag","embeddable":true,"href":"https:\/\/4cantosalagoas.com.br\/portal\/wp-json\/wp\/v2\/tags?post=2414"}],"curies":[{"name":"wp","href":"https:\/\/api.w.org\/{rel}","templated":true}]}}