{"id":2402,"date":"2018-04-14T05:39:34","date_gmt":"2018-04-14T08:39:34","guid":{"rendered":"http:\/\/4cantosalagoas.com.br\/portal\/?p=2402"},"modified":"2018-04-14T14:47:10","modified_gmt":"2018-04-14T17:47:10","slug":"final-de-semana-tem-possibilidades-de-chuvas-em-alagoas","status":"publish","type":"post","link":"https:\/\/4cantosalagoas.com.br\/portal\/final-de-semana-tem-possibilidades-de-chuvas-em-alagoas\/","title":{"rendered":"Final de semana tem possibilidades de chuvas em Alagoas"},"content":{"rendered":"<figure id=\"attachment_2403\" aria-describedby=\"caption-attachment-2403\" style=\"width: 300px\" class=\"wp-caption alignleft\"><img fetchpriority=\"high\" decoding=\"async\" class=\"size-medium wp-image-2403\" src=\"http:\/\/4cantosalagoas.com.br\/portal\/wp-content\/uploads\/2018\/04\/ccca-1-300x271.jpg\" alt=\"\" width=\"300\" height=\"271\" srcset=\"https:\/\/4cantosalagoas.com.br\/portal\/wp-content\/uploads\/2018\/04\/ccca-1-300x271.jpg 300w, https:\/\/4cantosalagoas.com.br\/portal\/wp-content\/uploads\/2018\/04\/ccca-1-465x420.jpg 465w, https:\/\/4cantosalagoas.com.br\/portal\/wp-content\/uploads\/2018\/04\/ccca-1-553x500.jpg 553w, https:\/\/4cantosalagoas.com.br\/portal\/wp-content\/uploads\/2018\/04\/ccca-1.jpg 606w\" sizes=\"(max-width: 300px) 100vw, 300px\" \/><figcaption id=\"caption-attachment-2403\" class=\"wp-caption-text\">Foto\/Gl\u00e9cio Rodrigues<\/figcaption><\/figure>\n<p>Rde\u00e7\u00e3o com Assessoria<\/p>\n<p style=\"font-weight: 400;\">A previs\u00e3o do tempo para o final de semana mostra possibilidades de chuvas em todas as regi\u00f5es de Alagoas. De acordo com os dados da Sala de Alerta da Secretaria de Estado do Meio Ambiente e dos Recursos H\u00eddricos (Semarh), a chuva est\u00e1 concentrada nas regi\u00f5es do Agreste e Sert\u00e3o durante o fim de semana.<\/p>\n<p style=\"font-weight: 400;\">O meteorologista da Semarh, Vin\u00edcius Pinho, explica que o per\u00edodo chuvoso j\u00e1 chegou a Alagoas devido ao tempo inst\u00e1vel nos \u00faltimos dias.<\/p>\n<p style=\"font-weight: 400;\">No s\u00e1bado (14), a chuva deve se concentra nas regi\u00f5es do Litoral e Zona da Mata. J\u00e1 no Agreste e Sert\u00e3o, a previs\u00e3o \u00e9 de tempo seco e chuva fraca. As temperaturas variam entre 29\u00b0 C no Litoral e 31\u00b0 C no Sert\u00e3o.<\/p>\n<p style=\"font-weight: 400;\">No domingo (15), o tempo come\u00e7a a melhorar, a previs\u00e3o aponta para tempo seco e chuvas fracas em todas as regi\u00f5es do Estado. As temperaturas ficam entre 23\u00b0 C no Litoral e 33\u00b0 C no Sert\u00e3o.<\/p>\n<p style=\"font-weight: 400;\">Para ter acesso di\u00e1rio aos boletins clim\u00e1ticos, basta acessar\u00a0<a href=\"http:\/\/www.semarh.al.gov.br\/\" data-saferedirecturl=\"https:\/\/www.google.com\/url?hl=pt-BR&amp;q=http:\/\/www.semarh.al.gov.br\/&amp;source=gmail&amp;ust=1523723312186000&amp;usg=AFQjCNFXDyrMdeevlXlv8CPwyIxOQ2RyQg\">www.semarh.al.gov.br<\/a>\u00a0ou baixar o aplicativo (app) \u201cSemarh Tempo Alagoas\u201d, dispon\u00edvel para as plataformas iOs e android.<\/p>\n","protected":false},"excerpt":{"rendered":"<p>Rde\u00e7\u00e3o com Assessoria A previs\u00e3o do tempo para o final de semana mostra possibilidades de chuvas em<\/p>\n","protected":false},"author":1,"featured_media":2403,"comment_status":"open","ping_status":"open","sticky":false,"template":"","format":"standard","meta":{"footnotes":""},"categories":[60],"tags":[],"class_list":["post-2402","post","type-post","status-publish","format-standard","has-post-thumbnail","hentry","category-capa"],"_links":{"self":[{"href":"https:\/\/4cantosalagoas.com.br\/portal\/wp-json\/wp\/v2\/posts\/2402","targetHints":{"allow":["GET"]}}],"collection":[{"href":"https:\/\/4cantosalagoas.com.br\/portal\/wp-json\/wp\/v2\/posts"}],"about":[{"href":"https:\/\/4cantosalagoas.com.br\/portal\/wp-json\/wp\/v2\/types\/post"}],"author":[{"embeddable":true,"href":"https:\/\/4cantosalagoas.com.br\/portal\/wp-json\/wp\/v2\/users\/1"}],"replies":[{"embeddable":true,"href":"https:\/\/4cantosalagoas.com.br\/portal\/wp-json\/wp\/v2\/comments?post=2402"}],"version-history":[{"count":3,"href":"https:\/\/4cantosalagoas.com.br\/portal\/wp-json\/wp\/v2\/posts\/2402\/revisions"}],"predecessor-version":[{"id":2418,"href":"https:\/\/4cantosalagoas.com.br\/portal\/wp-json\/wp\/v2\/posts\/2402\/revisions\/2418"}],"wp:featuredmedia":[{"embeddable":true,"href":"https:\/\/4cantosalagoas.com.br\/portal\/wp-json\/wp\/v2\/media\/2403"}],"wp:attachment":[{"href":"https:\/\/4cantosalagoas.com.br\/portal\/wp-json\/wp\/v2\/media?parent=2402"}],"wp:term":[{"taxonomy":"category","embeddable":true,"href":"https:\/\/4cantosalagoas.com.br\/portal\/wp-json\/wp\/v2\/categories?post=2402"},{"taxonomy":"post_tag","embeddable":true,"href":"https:\/\/4cantosalagoas.com.br\/portal\/wp-json\/wp\/v2\/tags?post=2402"}],"curies":[{"name":"wp","href":"https:\/\/api.w.org\/{rel}","templated":true}]}}