{"id":23859,"date":"2025-03-12T09:37:05","date_gmt":"2025-03-12T12:37:05","guid":{"rendered":"https:\/\/4cantosalagoas.com.br\/portal\/?p=23859"},"modified":"2025-03-12T09:37:05","modified_gmt":"2025-03-12T12:37:05","slug":"homem-e-preso-por-tentativa-de-feminicidio-e-incendio-em-palmeira-dos-indios","status":"publish","type":"post","link":"https:\/\/4cantosalagoas.com.br\/portal\/homem-e-preso-por-tentativa-de-feminicidio-e-incendio-em-palmeira-dos-indios\/","title":{"rendered":"Homem \u00e9 preso por tentativa de feminic\u00eddio e inc\u00eandio em Palmeira dos \u00cdndios"},"content":{"rendered":"<p><strong>Ascom PCAL<\/strong><\/p>\n<p dir=\"ltr\">Um homem de 51 anos foi preso em flagrante pela Pol\u00edcia Civil de Alagoas ap\u00f3s tentar matar sua ex-esposa, de 44 anos, a golpes de fac\u00e3o, ferir um vizinho e incendiar uma casa no povoado Santo Ant\u00f4nio, zona rural de Palmeira dos \u00cdndios. O crime ocorreu nesta segunda-feira (10) e chocou a comunidade local.<\/p>\n<p dir=\"ltr\">De acordo com as investiga\u00e7\u00f5es, a v\u00edtima estava deitada em uma rede na varanda de casa quando o agressor chegou armado com um fac\u00e3o e tentou atac\u00e1-la. Ela conseguiu escapar e correu para a casa de um vizinho, que interveio para ajud\u00e1-la.<\/p>\n<p dir=\"ltr\">O suspeito, ent\u00e3o, atacou o morador, decepando dois dedos de sua m\u00e3o. Em seguida, quebrou objetos e ateou fogo na resid\u00eancia, colocando a vida de outras pessoas em risco.<\/p>\n<p dir=\"ltr\">O vizinho ferido foi socorrido e encaminhado \u00e0 Unidade de Pronto Atendimento (UPA) de Palmeira dos \u00cdndios, sendo posteriormente transferido para o Hospital de Emerg\u00eancia do Agreste, em Arapiraca.<\/p>\n<p dir=\"ltr\">Enquanto isso, a v\u00edtima registrou um boletim de ocorr\u00eancia na Central de Flagrantes e solicitou medida protetiva. Pouco depois, a pol\u00edcia foi informada de que o agressor havia retornado ao local do crime e foi detido por moradores at\u00e9 a chegada da guarni\u00e7\u00e3o.<\/p>\n<p dir=\"ltr\">O suspeito foi levado \u00e0 UPA de Palmeira dos \u00cdndios para atendimento m\u00e9dico, devido a ferimentos causados durante sua captura. Em seguida, foi conduzido \u00e0 delegacia, onde foi autuado por tentativa de feminic\u00eddio, les\u00e3o corporal, dano e inc\u00eandio. O acusado aguarda audi\u00eancia de cust\u00f3dia e ficar\u00e1 \u00e0 disposi\u00e7\u00e3o da Justi\u00e7a.<\/p>\n<p dir=\"ltr\">Asseessoria<\/p>\n","protected":false},"excerpt":{"rendered":"<p>Ascom PCAL Um homem de 51 anos foi preso em flagrante pela Pol\u00edcia Civil de Alagoas ap\u00f3s<\/p>\n","protected":false},"author":1,"featured_media":22255,"comment_status":"closed","ping_status":"open","sticky":false,"template":"","format":"standard","meta":{"footnotes":""},"categories":[60],"tags":[],"class_list":["post-23859","post","type-post","status-publish","format-standard","has-post-thumbnail","hentry","category-capa"],"_links":{"self":[{"href":"https:\/\/4cantosalagoas.com.br\/portal\/wp-json\/wp\/v2\/posts\/23859","targetHints":{"allow":["GET"]}}],"collection":[{"href":"https:\/\/4cantosalagoas.com.br\/portal\/wp-json\/wp\/v2\/posts"}],"about":[{"href":"https:\/\/4cantosalagoas.com.br\/portal\/wp-json\/wp\/v2\/types\/post"}],"author":[{"embeddable":true,"href":"https:\/\/4cantosalagoas.com.br\/portal\/wp-json\/wp\/v2\/users\/1"}],"replies":[{"embeddable":true,"href":"https:\/\/4cantosalagoas.com.br\/portal\/wp-json\/wp\/v2\/comments?post=23859"}],"version-history":[{"count":1,"href":"https:\/\/4cantosalagoas.com.br\/portal\/wp-json\/wp\/v2\/posts\/23859\/revisions"}],"predecessor-version":[{"id":23860,"href":"https:\/\/4cantosalagoas.com.br\/portal\/wp-json\/wp\/v2\/posts\/23859\/revisions\/23860"}],"wp:featuredmedia":[{"embeddable":true,"href":"https:\/\/4cantosalagoas.com.br\/portal\/wp-json\/wp\/v2\/media\/22255"}],"wp:attachment":[{"href":"https:\/\/4cantosalagoas.com.br\/portal\/wp-json\/wp\/v2\/media?parent=23859"}],"wp:term":[{"taxonomy":"category","embeddable":true,"href":"https:\/\/4cantosalagoas.com.br\/portal\/wp-json\/wp\/v2\/categories?post=23859"},{"taxonomy":"post_tag","embeddable":true,"href":"https:\/\/4cantosalagoas.com.br\/portal\/wp-json\/wp\/v2\/tags?post=23859"}],"curies":[{"name":"wp","href":"https:\/\/api.w.org\/{rel}","templated":true}]}}