{"id":23852,"date":"2025-03-07T09:03:43","date_gmt":"2025-03-07T12:03:43","guid":{"rendered":"https:\/\/4cantosalagoas.com.br\/portal\/?p=23852"},"modified":"2025-03-07T09:03:43","modified_gmt":"2025-03-07T12:03:43","slug":"sextou-no-centro-celebra-mes-da-mulher-com-programacao-especial","status":"publish","type":"post","link":"https:\/\/4cantosalagoas.com.br\/portal\/sextou-no-centro-celebra-mes-da-mulher-com-programacao-especial\/","title":{"rendered":"Sextou no Centro celebra M\u00eas da Mulher com programa\u00e7\u00e3o especial"},"content":{"rendered":"<p>A valoriza\u00e7\u00e3o da cultura e o cuidado com a sa\u00fade das mulheres se encontram na edi\u00e7\u00e3o especial do Sextou no Centro, que acontece nesta sexta-feira (7), no Cal\u00e7ad\u00e3o do Com\u00e9rcio, em Macei\u00f3, a partir das 17h.<\/p>\n<p>Com uma programa\u00e7\u00e3o exclusiva para o p\u00fablico feminino, o evento une m\u00fasica, arte e conscientiza\u00e7\u00e3o para marcar o M\u00eas da Mulher e apoiar a campanha de preven\u00e7\u00e3o ao c\u00e2ncer de colo do \u00fatero.<\/p>\n<p>V\u00e3o se apresentar as artistas Bia Feitosa, Jacqueline Marques, Mari da Costa, Mariana Pacheco e Victoria Gouveia. Elas formam um time de mulheres talentosas, que levam representatividade e diversidade musical para o p\u00fablico.<\/p>\n<p>Al\u00e9m da programa\u00e7\u00e3o art\u00edstica, a a\u00e7\u00e3o integra a campanha Mar\u00e7o Lil\u00e1s, que refor\u00e7a a import\u00e2ncia da preven\u00e7\u00e3o e do diagn\u00f3stico precoce do c\u00e2ncer do colo do \u00fatero, o terceiro mais incidente entre as mulheres no Brasil.<\/p>\n<p>Equipes da Secretaria de Sa\u00fade de Macei\u00f3 v\u00e3o orientar a popula\u00e7\u00e3o sobre a vacina\u00e7\u00e3o contra o HPV e a realiza\u00e7\u00e3o peri\u00f3dica do exame preventivo.<\/p>\n<p>O Sextou no Centro \u00e9 uma iniciativa da Prefeitura de Macei\u00f3, por meio da Funda\u00e7\u00e3o Municip<\/p>\n<p>al de A\u00e7\u00e3o Cultural (FMAC). O evento consolida-se como um espa\u00e7o de ocupa\u00e7\u00e3o cultural, valoriza\u00e7\u00e3o do patrim\u00f4nio e fortalecimento da economia criativa local.<\/p>\n<p>Na edi\u00e7\u00e3o especial da pr\u00f3xima sexta-feira, a a\u00e7\u00e3o reafirma o compromisso da gest\u00e3o municipal com a valoriza\u00e7\u00e3o da cultura, o incentivo \u00e0 presen\u00e7a feminina nos palcos e a promo\u00e7\u00e3o da sa\u00fade das mulheres maceioenses. O evento vai movimentar o Centro de Macei\u00f3 com m\u00fasica, arte e informa\u00e7\u00e3o.<\/p>\n<p>Assessoria<\/p>\n<p>&nbsp;<\/p>\n","protected":false},"excerpt":{"rendered":"<p>A valoriza\u00e7\u00e3o da cultura e o cuidado com a sa\u00fade das mulheres se encontram na edi\u00e7\u00e3o especial<\/p>\n","protected":false},"author":1,"featured_media":23853,"comment_status":"closed","ping_status":"open","sticky":false,"template":"","format":"standard","meta":{"footnotes":""},"categories":[60],"tags":[],"class_list":["post-23852","post","type-post","status-publish","format-standard","has-post-thumbnail","hentry","category-capa"],"_links":{"self":[{"href":"https:\/\/4cantosalagoas.com.br\/portal\/wp-json\/wp\/v2\/posts\/23852","targetHints":{"allow":["GET"]}}],"collection":[{"href":"https:\/\/4cantosalagoas.com.br\/portal\/wp-json\/wp\/v2\/posts"}],"about":[{"href":"https:\/\/4cantosalagoas.com.br\/portal\/wp-json\/wp\/v2\/types\/post"}],"author":[{"embeddable":true,"href":"https:\/\/4cantosalagoas.com.br\/portal\/wp-json\/wp\/v2\/users\/1"}],"replies":[{"embeddable":true,"href":"https:\/\/4cantosalagoas.com.br\/portal\/wp-json\/wp\/v2\/comments?post=23852"}],"version-history":[{"count":1,"href":"https:\/\/4cantosalagoas.com.br\/portal\/wp-json\/wp\/v2\/posts\/23852\/revisions"}],"predecessor-version":[{"id":23854,"href":"https:\/\/4cantosalagoas.com.br\/portal\/wp-json\/wp\/v2\/posts\/23852\/revisions\/23854"}],"wp:featuredmedia":[{"embeddable":true,"href":"https:\/\/4cantosalagoas.com.br\/portal\/wp-json\/wp\/v2\/media\/23853"}],"wp:attachment":[{"href":"https:\/\/4cantosalagoas.com.br\/portal\/wp-json\/wp\/v2\/media?parent=23852"}],"wp:term":[{"taxonomy":"category","embeddable":true,"href":"https:\/\/4cantosalagoas.com.br\/portal\/wp-json\/wp\/v2\/categories?post=23852"},{"taxonomy":"post_tag","embeddable":true,"href":"https:\/\/4cantosalagoas.com.br\/portal\/wp-json\/wp\/v2\/tags?post=23852"}],"curies":[{"name":"wp","href":"https:\/\/api.w.org\/{rel}","templated":true}]}}