{"id":23849,"date":"2025-03-07T08:59:57","date_gmt":"2025-03-07T11:59:57","guid":{"rendered":"https:\/\/4cantosalagoas.com.br\/portal\/?p=23849"},"modified":"2025-03-07T08:59:57","modified_gmt":"2025-03-07T11:59:57","slug":"escolas-de-samba-desfilam-hoje-na-orla-de-ponta-verde","status":"publish","type":"post","link":"https:\/\/4cantosalagoas.com.br\/portal\/escolas-de-samba-desfilam-hoje-na-orla-de-ponta-verde\/","title":{"rendered":"Escolas de Samba desfilam hoje na orla de Ponta Verde"},"content":{"rendered":"<header class=\"news-header\">\n<figure><figcaption>Foto Alisson Fraz\u00e3o\/ Secom Macei\u00f3<\/figcaption><\/figure>\n<\/header>\n<section class=\"news-content --content block-internal\">A Prefeitura de Macei\u00f3 firmou parceria com a Liga das Escolas de Samba Independente de Macei\u00f3, a Liga das Escolas de Samba de Alagoas e o Movimento de Humaniza\u00e7\u00e3o das Grotas de Macei\u00f3 para destinar apoio cultural \u00e0s escolas de samba da capital, ao garantir dois dias de desfiles das agremia\u00e7\u00f5es, cujo intuito \u00e9 fomentar a cultura local.<\/p>\n<p>Os desfiles est\u00e3o marcados para os dias 7 e 8 de mar\u00e7o, a partir das 19h, no trecho da Avenida Silvio Carlos Viana (Rua Aberta), na orla mar\u00edtima de Macei\u00f3. O evento vai colorir as ruas da cidade e atrair turistas e maceioenses ao evento.<\/p>\n<p>As agremia\u00e7\u00f5es Guardi\u00f5es, Le\u00f5es de Jaragu\u00e1, Imperatriz, Arco \u00cdris, Gr\u00eamio Recreativo Escola de Samba Girassol, Gr\u00eamio Recreativo Escola de Samba Unidos do Po\u00e7o, Gr\u00eamio Recreativo Escola de Samba Gavi\u00f5es da Paju\u00e7ara e Gr\u00eamio Recreativo Escola de Samba Treze de Maio ser\u00e3o beneficiadas com o apoio financeiro da Prefeitura de Macei\u00f3.<\/p>\n<p>Com um total de R$ 350 mil em investimentos, cada uma das escolas de samba apoiadas pela gest\u00e3o municipal receber\u00e1 R$ 35 mil para a realiza\u00e7\u00e3o dos respectivos desfiles.<\/p>\n<p>A iniciativa visa n\u00e3o s\u00f3 fomentar o setor cultural local, mas tamb\u00e9m dar maior visibilidade \u00e0s manifesta\u00e7\u00f5es populares de Macei\u00f3 para fortalecer a identidade e a tradi\u00e7\u00e3o do samba na cidade.<\/p>\n<p>O apoio, de acordo com a Secretaria Municipal de Cultura e Economia Criativa (Semce), \u00e9 uma forma de garantir o suporte necess\u00e1rio para as agremia\u00e7\u00f5es.<\/p>\n<p>\u201cO recurso destinado \u00e0s escolas de samba em 2025 representa o compromisso com a valoriza\u00e7\u00e3o da cultura popular e com o fomento \u00e0 economia criativa. O apoio financeiro garantido este ano, n\u00e3o apenas impulsiona os desfiles e apresenta\u00e7\u00f5es, mas tamb\u00e9m reconhece e potencializa o trabalho de centenas de profissionais que vivem e respiram o samba na capital alagoana\u201d, destacou o secret\u00e1rio municipal de Cultura e Economia Criativa, Paulo Rodrigo Quirino de Oliveira.<\/p>\n<p>Segundo ele, o impacto do incentivo vai muito al\u00e9m do espet\u00e1culo na avenida. Costureiras, aderecistas, artes\u00e3os, m\u00fasicos, compositores e passistas encontram na iniciativa uma oportunidade de continuidade e crescimento.<\/p>\n<p>\u201cO evento \u00e9 um motor econ\u00f4mico que movimenta o setor de turismo, com\u00e9rcio e servi\u00e7os. Hot\u00e9is, restaurantes, ambulantes e trabalhadores informais se beneficiam diretamente do fluxo de pessoas que s\u00e3o atra\u00eddas para prestigiar os desfiles&#8221;, afirma.<\/p>\n<p>E completa: &#8220;A Prefeitura de Macei\u00f3 trabalha com afinco no reconhecimento e na preserva\u00e7\u00e3o dos agentes culturais, que s\u00e3o fundamentais para o desenvolvimento da cadeia produtiva da cultura e na salvaguarda da preserva\u00e7\u00e3o das tradi\u00e7\u00f5es maceioenses&#8221;.<\/p>\n<p>Assessoria<\/p>\n<\/section>\n","protected":false},"excerpt":{"rendered":"<p>Foto Alisson Fraz\u00e3o\/ Secom Macei\u00f3 A Prefeitura de Macei\u00f3 firmou parceria com a Liga das Escolas de<\/p>\n","protected":false},"author":1,"featured_media":23850,"comment_status":"closed","ping_status":"open","sticky":false,"template":"","format":"standard","meta":{"footnotes":""},"categories":[60],"tags":[],"class_list":["post-23849","post","type-post","status-publish","format-standard","has-post-thumbnail","hentry","category-capa"],"_links":{"self":[{"href":"https:\/\/4cantosalagoas.com.br\/portal\/wp-json\/wp\/v2\/posts\/23849","targetHints":{"allow":["GET"]}}],"collection":[{"href":"https:\/\/4cantosalagoas.com.br\/portal\/wp-json\/wp\/v2\/posts"}],"about":[{"href":"https:\/\/4cantosalagoas.com.br\/portal\/wp-json\/wp\/v2\/types\/post"}],"author":[{"embeddable":true,"href":"https:\/\/4cantosalagoas.com.br\/portal\/wp-json\/wp\/v2\/users\/1"}],"replies":[{"embeddable":true,"href":"https:\/\/4cantosalagoas.com.br\/portal\/wp-json\/wp\/v2\/comments?post=23849"}],"version-history":[{"count":1,"href":"https:\/\/4cantosalagoas.com.br\/portal\/wp-json\/wp\/v2\/posts\/23849\/revisions"}],"predecessor-version":[{"id":23851,"href":"https:\/\/4cantosalagoas.com.br\/portal\/wp-json\/wp\/v2\/posts\/23849\/revisions\/23851"}],"wp:featuredmedia":[{"embeddable":true,"href":"https:\/\/4cantosalagoas.com.br\/portal\/wp-json\/wp\/v2\/media\/23850"}],"wp:attachment":[{"href":"https:\/\/4cantosalagoas.com.br\/portal\/wp-json\/wp\/v2\/media?parent=23849"}],"wp:term":[{"taxonomy":"category","embeddable":true,"href":"https:\/\/4cantosalagoas.com.br\/portal\/wp-json\/wp\/v2\/categories?post=23849"},{"taxonomy":"post_tag","embeddable":true,"href":"https:\/\/4cantosalagoas.com.br\/portal\/wp-json\/wp\/v2\/tags?post=23849"}],"curies":[{"name":"wp","href":"https:\/\/api.w.org\/{rel}","templated":true}]}}