{"id":23823,"date":"2025-02-25T09:06:40","date_gmt":"2025-02-25T12:06:40","guid":{"rendered":"https:\/\/4cantosalagoas.com.br\/portal\/?p=23823"},"modified":"2025-02-25T09:06:40","modified_gmt":"2025-02-25T12:06:40","slug":"cesta-basica-na-capital-custa-quase-r-18200-diz-procon-maceio","status":"publish","type":"post","link":"https:\/\/4cantosalagoas.com.br\/portal\/cesta-basica-na-capital-custa-quase-r-18200-diz-procon-maceio\/","title":{"rendered":"Cesta b\u00e1sica na capital custa quase R$ 182,00, diz Procon Macei\u00f3"},"content":{"rendered":"<header class=\"news-header\">\n<figure><figcaption>Foto: Procon Macei\u00f3<\/figcaption><\/figure>\n<\/header>\n<section class=\"news-content --content block-internal\">Uma pesquisa do Procon Macei\u00f3, em oito estabelecimentos da capital alagoana, fez o levantamento de pre\u00e7os de 16 produtos como feij\u00e3o, arroz, caf\u00e9, a\u00e7\u00facar, farinha e outros itens que s\u00e3o primordiais no consumo aliment\u00edcio das fam\u00edlias maceioenses, entre os dias 19 a 24 de fevereiro.<\/p>\n<p>O valor da cesta b\u00e1sica em fevereiro, ao somar o pre\u00e7o unit\u00e1rio de cada item pesquisado, varia de R$ 85,96 a R$ 181,91.\u00a0<a href=\"https:\/\/maceioalgovbr.dhost.cloud\/uploads\/imagens\/PESQUISA-CESTA-BASICA-FEVEREIRO-2025-Pagina1.pdf\">Acesse a pesquisa<\/a>.<\/p>\n<p>O pre\u00e7o do caf\u00e9 chama a aten\u00e7\u00e3o por conta do aumento de 13,4% em fevereiro. O produto, bastante consumido pelas fam\u00edlias em todo o Brasil, era comercializado pelo menor valor, em janeiro, a R$ 10,49. Em fevereiro, o item mais barato custa R$ 11,90.<\/p>\n<p>A diretora-executiva do Procon Macei\u00f3, Cec\u00edlia Wanderley, alerta aos consumidores sobre a import\u00e2ncia de realizar a pesquisa de pre\u00e7os antes de ir \u00e0s compras.<\/p>\n<p>\u201cNossos fiscais est\u00e3o, m\u00eas a m\u00eas, indo aos principais estabelecimentos de nossa capital para realizar o monitoramento de pre\u00e7os dos produtos e coibir poss\u00edveis abusividades, al\u00e9m de auxiliar o consumidor a economizar nas compras do m\u00eas\u201d, afirma a diretora.<\/p>\n<p>Em caso de d\u00favidas, reclama\u00e7\u00f5es ou den\u00fancias, o consumidor pode entrar em contato com o Procon Macei\u00f3 atrav\u00e9s dos canais de atendimento pelo n\u00famero\u00a0<strong>0800 082 4567<\/strong>\u00a0ou pelo WhatsApp\u00a0<strong>(82)98882-8326<\/strong>.<\/p>\n<p>Assessoria<\/p>\n<\/section>\n","protected":false},"excerpt":{"rendered":"<p>Foto: Procon Macei\u00f3 Uma pesquisa do Procon Macei\u00f3, em oito estabelecimentos da capital alagoana, fez o levantamento<\/p>\n","protected":false},"author":1,"featured_media":23824,"comment_status":"closed","ping_status":"open","sticky":false,"template":"","format":"standard","meta":{"footnotes":""},"categories":[60],"tags":[],"class_list":["post-23823","post","type-post","status-publish","format-standard","has-post-thumbnail","hentry","category-capa"],"_links":{"self":[{"href":"https:\/\/4cantosalagoas.com.br\/portal\/wp-json\/wp\/v2\/posts\/23823","targetHints":{"allow":["GET"]}}],"collection":[{"href":"https:\/\/4cantosalagoas.com.br\/portal\/wp-json\/wp\/v2\/posts"}],"about":[{"href":"https:\/\/4cantosalagoas.com.br\/portal\/wp-json\/wp\/v2\/types\/post"}],"author":[{"embeddable":true,"href":"https:\/\/4cantosalagoas.com.br\/portal\/wp-json\/wp\/v2\/users\/1"}],"replies":[{"embeddable":true,"href":"https:\/\/4cantosalagoas.com.br\/portal\/wp-json\/wp\/v2\/comments?post=23823"}],"version-history":[{"count":1,"href":"https:\/\/4cantosalagoas.com.br\/portal\/wp-json\/wp\/v2\/posts\/23823\/revisions"}],"predecessor-version":[{"id":23825,"href":"https:\/\/4cantosalagoas.com.br\/portal\/wp-json\/wp\/v2\/posts\/23823\/revisions\/23825"}],"wp:featuredmedia":[{"embeddable":true,"href":"https:\/\/4cantosalagoas.com.br\/portal\/wp-json\/wp\/v2\/media\/23824"}],"wp:attachment":[{"href":"https:\/\/4cantosalagoas.com.br\/portal\/wp-json\/wp\/v2\/media?parent=23823"}],"wp:term":[{"taxonomy":"category","embeddable":true,"href":"https:\/\/4cantosalagoas.com.br\/portal\/wp-json\/wp\/v2\/categories?post=23823"},{"taxonomy":"post_tag","embeddable":true,"href":"https:\/\/4cantosalagoas.com.br\/portal\/wp-json\/wp\/v2\/tags?post=23823"}],"curies":[{"name":"wp","href":"https:\/\/api.w.org\/{rel}","templated":true}]}}