{"id":23815,"date":"2025-02-21T08:53:05","date_gmt":"2025-02-21T11:53:05","guid":{"rendered":"https:\/\/4cantosalagoas.com.br\/portal\/?p=23815"},"modified":"2025-02-21T08:54:44","modified_gmt":"2025-02-21T11:54:44","slug":"policia-realiza-operacao-e-prende-envolvidos-em-homicidios-e-trafico-de-drogas-em-rio-largo","status":"publish","type":"post","link":"https:\/\/4cantosalagoas.com.br\/portal\/policia-realiza-operacao-e-prende-envolvidos-em-homicidios-e-trafico-de-drogas-em-rio-largo\/","title":{"rendered":"Pol\u00edcia realiza opera\u00e7\u00e3o e prende envolvidos em homic\u00eddios e tr\u00e1fico de drogas em Rio Largo"},"content":{"rendered":"<p>Uma opera\u00e7\u00e3o integrada entre as Pol\u00edcias Civil (PC) e Militar (PM) realizada nesta quinta-feira (20), no munic\u00edpio de Rio Largo, resultou na pris\u00e3o de cinco envolvidos em crimes de homic\u00eddio e tr\u00e1fico de drogas na regi\u00e3o. Entre os presos est\u00e3o dois suspeitos de ter assassinado Alex Sandro Flor\u00eancia da Silva, 24 anos, morto a tiros dentro de uma barbearia enquanto cortava o cabelo, na cidade de Rio Largo, regi\u00e3o metropolitana de Macei\u00f3, em janeiro deste ano.<\/p>\n<p>&nbsp;<\/p>\n<p>Com a realiza\u00e7\u00e3o de intenso trabalho investigativo da Delegacia de Homic\u00eddio e Repress\u00e3o ao Narcotr\u00e1fico de Rio Largo, foi poss\u00edvel, na manh\u00e3 de hoje, efetivar a pris\u00e3o de um dos suspeitos, que estava foragido e foi localizado e capturado na cidade de Extrema, em Minas Gerais, pela equipe da PCMG. O outro suspeito desse homic\u00eddio, foi preso na cidade de Rio Largo, e com ele os policiais apreenderam uma pistola, carregadores, muni\u00e7\u00f5es e drogas.<\/p>\n<p>&nbsp;<\/p>\n<p>A a\u00e7\u00e3o policial foi comandada pelo delegado-geral da PCAL, Gustavo Xavier, e coordenada pela delegada Rosimeire Vieira, titular da Delegacia de Homic\u00eddios e Repress\u00e3o ao Narcotr\u00e1fico de Rio Largo.<\/p>\n<p>&nbsp;<\/p>\n<p>O efetivo utilizado na opera\u00e7\u00e3o contou com policiais da Diretoria de Repress\u00e3o \u00e0 Corrup\u00e7\u00e3o e ao Crime Organizado (Dracco), Grupo T\u00e1tico da Coordenadoria de Recursos Especiais (Core), Delegacia de Homic\u00eddios e Repress\u00e3o ao Narcotr\u00e1fico de Rio Largo, Diretoria de Intelig\u00eancia Policial (Dinpol), Delegacia de Narc\u00f3ticos (Denarc), Opera\u00e7\u00e3o Policial Litor\u00e2nea Integrada (Oplit) e 8\u00ba Batalh\u00e3o da Pol\u00edcia Militar.<\/p>\n<p>&nbsp;<\/p>\n<p><img decoding=\"async\" src=\"https:\/\/pc.al.gov.br\/images\/2025\/02\/Material_R_Largo.jpeg\" width=\"600\" \/><\/p>\n<p><strong>Material apreendido na opera\u00e7\u00e3o<\/strong><\/p>\n<p>Assessoria<\/p>\n","protected":false},"excerpt":{"rendered":"<p>Uma opera\u00e7\u00e3o integrada entre as Pol\u00edcias Civil (PC) e Militar (PM) realizada nesta quinta-feira (20), no munic\u00edpio<\/p>\n","protected":false},"author":1,"featured_media":23223,"comment_status":"closed","ping_status":"open","sticky":false,"template":"","format":"standard","meta":{"footnotes":""},"categories":[60],"tags":[],"class_list":["post-23815","post","type-post","status-publish","format-standard","has-post-thumbnail","hentry","category-capa"],"_links":{"self":[{"href":"https:\/\/4cantosalagoas.com.br\/portal\/wp-json\/wp\/v2\/posts\/23815","targetHints":{"allow":["GET"]}}],"collection":[{"href":"https:\/\/4cantosalagoas.com.br\/portal\/wp-json\/wp\/v2\/posts"}],"about":[{"href":"https:\/\/4cantosalagoas.com.br\/portal\/wp-json\/wp\/v2\/types\/post"}],"author":[{"embeddable":true,"href":"https:\/\/4cantosalagoas.com.br\/portal\/wp-json\/wp\/v2\/users\/1"}],"replies":[{"embeddable":true,"href":"https:\/\/4cantosalagoas.com.br\/portal\/wp-json\/wp\/v2\/comments?post=23815"}],"version-history":[{"count":1,"href":"https:\/\/4cantosalagoas.com.br\/portal\/wp-json\/wp\/v2\/posts\/23815\/revisions"}],"predecessor-version":[{"id":23817,"href":"https:\/\/4cantosalagoas.com.br\/portal\/wp-json\/wp\/v2\/posts\/23815\/revisions\/23817"}],"wp:featuredmedia":[{"embeddable":true,"href":"https:\/\/4cantosalagoas.com.br\/portal\/wp-json\/wp\/v2\/media\/23223"}],"wp:attachment":[{"href":"https:\/\/4cantosalagoas.com.br\/portal\/wp-json\/wp\/v2\/media?parent=23815"}],"wp:term":[{"taxonomy":"category","embeddable":true,"href":"https:\/\/4cantosalagoas.com.br\/portal\/wp-json\/wp\/v2\/categories?post=23815"},{"taxonomy":"post_tag","embeddable":true,"href":"https:\/\/4cantosalagoas.com.br\/portal\/wp-json\/wp\/v2\/tags?post=23815"}],"curies":[{"name":"wp","href":"https:\/\/api.w.org\/{rel}","templated":true}]}}