{"id":23758,"date":"2025-02-08T11:16:18","date_gmt":"2025-02-08T14:16:18","guid":{"rendered":"https:\/\/4cantosalagoas.com.br\/portal\/?p=23758"},"modified":"2025-02-08T11:16:18","modified_gmt":"2025-02-08T14:16:18","slug":"obra-de-drenagem-interdita-trecho-da-av-roberto-mascarenhas-brito-no-domingo-9","status":"publish","type":"post","link":"https:\/\/4cantosalagoas.com.br\/portal\/obra-de-drenagem-interdita-trecho-da-av-roberto-mascarenhas-brito-no-domingo-9\/","title":{"rendered":"Obra de drenagem interdita trecho da Av. Roberto Mascarenhas Brito no domingo (9)"},"content":{"rendered":"<p>A Secretaria Municipal de Infraestrutura (Seminfra) vai interditar, no pr\u00f3ximo domingo (9), um trecho da Avenida Roberto Mascarenhas Brito, no bairro Cruz das Almas, para a execu\u00e7\u00e3o de uma obra de recupera\u00e7\u00e3o da drenagem.<\/p>\n<p>Os servi\u00e7os ter\u00e3o in\u00edcio \u00e0s 8h, com conclus\u00e3o prevista para \u00e0s 17h de domingo. Durante o per\u00edodo, o tr\u00e1fego no trecho entre as ruas Vereadora Mironildes Vieira e Evil\u00e1sio Soriano, ser\u00e1 permitido apenas para moradores e comerciantes locais.<\/p>\n<p>A interven\u00e7\u00e3o tem como objetivo reconstruir oito metros de tubula\u00e7\u00e3o de drenagem que foi desgastada. A obra vai restabelecer o fluxo normal das \u00e1guas das chuvas e ainda evitar riscos de acidentes para pedestres e motoristas, ao impedir que a \u00e1gua fique acumulada na via.<\/p>\n<p>Uma equipe do Departamento Municipal de Transportes e Tr\u00e2nsito (DMTT) ficar\u00e1 posicionada no cruzamento entre as avenidas Jo\u00e3o Davino e Roberto Mascarenhas, para orientar os demais condutores.<\/p>\n<p>A rota indicada, inclusive para o transporte p\u00fablico, \u00e9 que os motoristas que v\u00eam da Av. \u00c1lvaro Otac\u00edlio e desejem acessar a regi\u00e3o de Cruz das Almas devem seguir pela Av. Jo\u00e3o Davino e entrar \u00e0 direita na Rua Othoniel Costa e novamente \u00e0 direita, para a Rua Padre Luiz Am\u00e9rico Galv\u00e3o e seguindo at\u00e9 a Av. Brigadeiro Eduardo Gomes. Caso o motorista deseje acessar o Hotel Ritz, ao seguir pela Rua Padre Luiz Am\u00e9rico Galv\u00e3o, pode entrar \u00e0 direita na Rua Camaragibe.<\/p>\n<p>Assessoria<\/p>\n","protected":false},"excerpt":{"rendered":"<p>A Secretaria Municipal de Infraestrutura (Seminfra) vai interditar, no pr\u00f3ximo domingo (9), um trecho da Avenida Roberto<\/p>\n","protected":false},"author":1,"featured_media":23759,"comment_status":"closed","ping_status":"open","sticky":false,"template":"","format":"standard","meta":{"footnotes":""},"categories":[60],"tags":[],"class_list":["post-23758","post","type-post","status-publish","format-standard","has-post-thumbnail","hentry","category-capa"],"_links":{"self":[{"href":"https:\/\/4cantosalagoas.com.br\/portal\/wp-json\/wp\/v2\/posts\/23758","targetHints":{"allow":["GET"]}}],"collection":[{"href":"https:\/\/4cantosalagoas.com.br\/portal\/wp-json\/wp\/v2\/posts"}],"about":[{"href":"https:\/\/4cantosalagoas.com.br\/portal\/wp-json\/wp\/v2\/types\/post"}],"author":[{"embeddable":true,"href":"https:\/\/4cantosalagoas.com.br\/portal\/wp-json\/wp\/v2\/users\/1"}],"replies":[{"embeddable":true,"href":"https:\/\/4cantosalagoas.com.br\/portal\/wp-json\/wp\/v2\/comments?post=23758"}],"version-history":[{"count":1,"href":"https:\/\/4cantosalagoas.com.br\/portal\/wp-json\/wp\/v2\/posts\/23758\/revisions"}],"predecessor-version":[{"id":23760,"href":"https:\/\/4cantosalagoas.com.br\/portal\/wp-json\/wp\/v2\/posts\/23758\/revisions\/23760"}],"wp:featuredmedia":[{"embeddable":true,"href":"https:\/\/4cantosalagoas.com.br\/portal\/wp-json\/wp\/v2\/media\/23759"}],"wp:attachment":[{"href":"https:\/\/4cantosalagoas.com.br\/portal\/wp-json\/wp\/v2\/media?parent=23758"}],"wp:term":[{"taxonomy":"category","embeddable":true,"href":"https:\/\/4cantosalagoas.com.br\/portal\/wp-json\/wp\/v2\/categories?post=23758"},{"taxonomy":"post_tag","embeddable":true,"href":"https:\/\/4cantosalagoas.com.br\/portal\/wp-json\/wp\/v2\/tags?post=23758"}],"curies":[{"name":"wp","href":"https:\/\/api.w.org\/{rel}","templated":true}]}}