{"id":23752,"date":"2025-02-07T08:41:38","date_gmt":"2025-02-07T11:41:38","guid":{"rendered":"https:\/\/4cantosalagoas.com.br\/portal\/?p=23752"},"modified":"2025-02-07T08:41:38","modified_gmt":"2025-02-07T11:41:38","slug":"alagoas-reforca-seguranca-com-transferencia-de-21-lideres-de-faccoes-ao-regime-disciplinar-diferenciado","status":"publish","type":"post","link":"https:\/\/4cantosalagoas.com.br\/portal\/alagoas-reforca-seguranca-com-transferencia-de-21-lideres-de-faccoes-ao-regime-disciplinar-diferenciado\/","title":{"rendered":"Alagoas refor\u00e7a seguran\u00e7a com transfer\u00eancia de 21 l\u00edderes de fac\u00e7\u00f5es ao Regime Disciplinar Diferenciado"},"content":{"rendered":"<p><strong>Ascom Seris e SSP<\/strong><\/p>\n<p>As for\u00e7as de Seguran\u00e7a P\u00fablica de Alagoas realizaram, nesta quinta-feira (6), a transfer\u00eancia de 21 presos que s\u00e3o l\u00edderes de fac\u00e7\u00f5es criminosas do Pres\u00eddio do Agreste ao Pres\u00eddio de Seguran\u00e7a M\u00e1xima de Macei\u00f3, para cumprimento do Regime Disciplinar Diferenciado (RDD).<\/p>\n<p>&nbsp;<\/p>\n<p>A a\u00e7\u00e3o contou com a participa\u00e7\u00e3o da Pol\u00edcia Penal, por meio do Grupamento de Remo\u00e7\u00e3o Escolta; e da Pol\u00edcia Militar (PM), atrav\u00e9s do Bope, BPtran e Departamneto Estadual de Avi\u00e3o (DEA).<\/p>\n<p>&nbsp;<\/p>\n<p>A opera\u00e7\u00e3o foi autorizada pelo Poder Judici\u00e1rio atendendo \u00e0 solicita\u00e7\u00e3o feita pela Secretaria de Estado de Ressocializa\u00e7\u00e3o e Inclus\u00e3o Social\u00a0(Seris) e da Seguran\u00e7a P\u00fablica (SSP). O pedido de transfer\u00eancia \u00e9 baseado em relat\u00f3rios do Setor de Intelig\u00eancia das institui\u00e7\u00f5es, que apontaram o alto grau de periculosidade dos detentos.<\/p>\n<p>Foram transferidas 21 lideran\u00e7as das fac\u00e7\u00f5es criminosas do Comando Vermelho (CV) e do Primeiro Comando da Capital (PCC) para o RDD, em uma medida que busca fortalecer a seguran\u00e7a p\u00fablica e conter a atua\u00e7\u00e3o dessas organiza\u00e7\u00f5es dentro e fora do sistema prisional.<\/p>\n<p><img decoding=\"async\" id=\"exifviewer-img-2\" src=\"http:\/\/alagoas.al.gov.br\/imagens\/conteudos\/27bc535be2b3fca64e4800fd8dc260d7\/\/06022025%20Transferencia%20Presidio%20Agreste%20(TS)00018.jpg\" \/><\/p>\n<p>&nbsp;<\/p>\n<p>Conforme o relat\u00f3rio da Seris e da SSP, os presos, mesmo encarcerados, continuavam coordenando crimes como tr\u00e1fico de drogas, homic\u00eddios e o recrutamento de novos membros. Al\u00e9m disso, promoviam amea\u00e7as a outros detentos e policiais penais, comprometendo a ordem no sistema prisional alagoano.<\/p>\n<p>&nbsp;<\/p>\n<p>A opera\u00e7\u00e3o de transfer\u00eancia \u00e9 resultado de um trabalho conjunto da Pol\u00edcia Penal, Pol\u00edcia Militar e Pol\u00edcia Civil, que identificaram e mapearam a atua\u00e7\u00e3o desses indiv\u00edduos.<\/p>\n<p>&nbsp;<\/p>\n<p><b>Aplica\u00e7\u00e3o da RDD<\/b><\/p>\n<p>&nbsp;<\/p>\n<p>Segundo o juiz titular da Vara de Execu\u00e7\u00f5es Penais, Alexandre Machado, existem tr\u00eas formas de fundamenta\u00e7\u00e3o para a aplica\u00e7\u00e3o do RDD. A primeira \u00e9 pela pr\u00e1tica de alguma infra\u00e7\u00e3o dentro do sistema prisional; a segunda \u00e9 quando os envolvidos participam de organiza\u00e7\u00f5es criminosas e de alguma forma t\u00eam uma fun\u00e7\u00e3o de relev\u00e2ncia da organiza\u00e7\u00e3o e afetam tanto a ordem interna como externa; e o terceiro caso \u00e9 quando \u00e9 verificado que a conduta do apenado est\u00e1 prejudicando a ordem e disciplina dentro do sistema prisional. A aplica\u00e7\u00e3o do RDD foi aplica pelo os dois \u00faltimos casos.<\/p>\n<p>&nbsp;<\/p>\n<p>\u201cN\u00f3s sabemos que estas organiza\u00e7\u00f5es criminosas t\u00eam uma divis\u00e3o de atribui\u00e7\u00f5es, o que n\u00f3s fizemos foi isolar aquelas pessoas que t\u00eam uma fun\u00e7\u00e3o de relev\u00e2ncia dentro das organiza\u00e7\u00f5es criminosas. S\u00e3o pessoas que s\u00e3o respons\u00e1veis por integrar um tribunal do crime, que exercem influ\u00eancia dentro e fora do sistema prisional\u201d, ressaltou o magistrado.<\/p>\n<p><img decoding=\"async\" id=\"exifviewer-img-3\" src=\"http:\/\/alagoas.al.gov.br\/imagens\/conteudos\/27bc535be2b3fca64e4800fd8dc260d7\/\/06022025%20Transferencia%20Presidio%20Agreste%20(TS)00019.jpg\" \/><\/p>\n<p>&nbsp;<\/p>\n<p>\u201cA opera\u00e7\u00e3o ressalta a import\u00e2ncia da Pol\u00edcia Penal no enfrentamento ao crime organizado. Os policiais penais, que atuam na linha de frente do sistema prisional, desempenham um papel estrat\u00e9gico na conten\u00e7\u00e3o do avan\u00e7o das fac\u00e7\u00f5es dentro e fora dos pres\u00eddios. O monitoramento cont\u00ednuo e a atua\u00e7\u00e3o de intelig\u00eancia foram fundamentais para identificar e interromper as a\u00e7\u00f5es dos l\u00edderes criminosos\u201d, afirmou o secret\u00e1rio Ressocializa\u00e7\u00e3o e Inclus\u00e3o Social, Diego Teixeira.<\/p>\n<p>Ele destaca que a decis\u00e3o da Justi\u00e7a refor\u00e7a o compromisso do Estado com a seguran\u00e7a p\u00fablica e o combate \u00e0s fac\u00e7\u00f5es criminosas, impedindo que os pres\u00eddios sirvam como bases para a continuidade de atividades il\u00edcitas.<\/p>\n<p>&nbsp;<\/p>\n<p>\u201cCom medidas rigorosas e um trabalho integrado das for\u00e7as de seguran\u00e7a, Alagoas d\u00e1 um passo importante para a manuten\u00e7\u00e3o da ordem e seguran\u00e7a dentro e fora dos muros prisionais, levando sempre mais seguran\u00e7a para todos os alagoanos\u201d, destacou o Secret\u00e1rio de Seguran\u00e7a P\u00fablica, Fl\u00e1vio Saraiva.<\/p>\n<p><img decoding=\"async\" id=\"exifviewer-img-4\" src=\"http:\/\/alagoas.al.gov.br\/imagens\/conteudos\/27bc535be2b3fca64e4800fd8dc260d7\/\/06022025%20Transferencia%20Presidio%20Agreste%20(TS)00011.jpg\" \/><\/p>\n<p>&nbsp;<\/p>\n<p><b>Isolamento mais r\u00edgido<\/b><\/p>\n<p>&nbsp;<\/p>\n<p>O RDD prev\u00ea um isolamento mais r\u00edgido para os custodiados, limitando o contato dos presos com o meio externo e restringindo suas comunica\u00e7\u00f5es, com o objetivo de enfraquecer a influ\u00eancia das fac\u00e7\u00f5es dentro das penitenci\u00e1rias.<\/p>\n<p>&nbsp;<\/p>\n<p>&nbsp;<\/p>\n<p>Entre as medidas aplicadas est\u00e3o isolamento em celas individuais; limita\u00e7\u00e3o de visitas a apenas dois familiares quinzenalmente; suspens\u00e3o das visitas \u00edntimas; restri\u00e7\u00e3o de banho de sol a duas horas di\u00e1rias; e monitoramento rigoroso de comunica\u00e7\u00f5es e correspond\u00eancias.<\/p>\n","protected":false},"excerpt":{"rendered":"<p>Ascom Seris e SSP As for\u00e7as de Seguran\u00e7a P\u00fablica de Alagoas realizaram, nesta quinta-feira (6), a transfer\u00eancia<\/p>\n","protected":false},"author":1,"featured_media":23753,"comment_status":"closed","ping_status":"open","sticky":false,"template":"","format":"standard","meta":{"footnotes":""},"categories":[60],"tags":[],"class_list":["post-23752","post","type-post","status-publish","format-standard","has-post-thumbnail","hentry","category-capa"],"_links":{"self":[{"href":"https:\/\/4cantosalagoas.com.br\/portal\/wp-json\/wp\/v2\/posts\/23752","targetHints":{"allow":["GET"]}}],"collection":[{"href":"https:\/\/4cantosalagoas.com.br\/portal\/wp-json\/wp\/v2\/posts"}],"about":[{"href":"https:\/\/4cantosalagoas.com.br\/portal\/wp-json\/wp\/v2\/types\/post"}],"author":[{"embeddable":true,"href":"https:\/\/4cantosalagoas.com.br\/portal\/wp-json\/wp\/v2\/users\/1"}],"replies":[{"embeddable":true,"href":"https:\/\/4cantosalagoas.com.br\/portal\/wp-json\/wp\/v2\/comments?post=23752"}],"version-history":[{"count":1,"href":"https:\/\/4cantosalagoas.com.br\/portal\/wp-json\/wp\/v2\/posts\/23752\/revisions"}],"predecessor-version":[{"id":23754,"href":"https:\/\/4cantosalagoas.com.br\/portal\/wp-json\/wp\/v2\/posts\/23752\/revisions\/23754"}],"wp:featuredmedia":[{"embeddable":true,"href":"https:\/\/4cantosalagoas.com.br\/portal\/wp-json\/wp\/v2\/media\/23753"}],"wp:attachment":[{"href":"https:\/\/4cantosalagoas.com.br\/portal\/wp-json\/wp\/v2\/media?parent=23752"}],"wp:term":[{"taxonomy":"category","embeddable":true,"href":"https:\/\/4cantosalagoas.com.br\/portal\/wp-json\/wp\/v2\/categories?post=23752"},{"taxonomy":"post_tag","embeddable":true,"href":"https:\/\/4cantosalagoas.com.br\/portal\/wp-json\/wp\/v2\/tags?post=23752"}],"curies":[{"name":"wp","href":"https:\/\/api.w.org\/{rel}","templated":true}]}}