{"id":23628,"date":"2025-01-03T09:03:24","date_gmt":"2025-01-03T12:03:24","guid":{"rendered":"https:\/\/4cantosalagoas.com.br\/portal\/?p=23628"},"modified":"2025-01-03T09:25:37","modified_gmt":"2025-01-03T12:25:37","slug":"prefeitura-de-maceio-divulga-calendario-de-feriados-e-pontos-facultativos-para-2025","status":"publish","type":"post","link":"https:\/\/4cantosalagoas.com.br\/portal\/prefeitura-de-maceio-divulga-calendario-de-feriados-e-pontos-facultativos-para-2025\/","title":{"rendered":"Prefeitura de Macei\u00f3 divulga calend\u00e1rio de feriados e pontos facultativos para 2025"},"content":{"rendered":"<p>A Prefeitura de Macei\u00f3, por meio do Di\u00e1rio Oficial do Munic\u00edpio, publicou o decreto assinado pelo prefeito de Macei\u00f3, JHC, que institui\u00a0<a href=\"https:\/\/maceio.al.gov.br\/feriados-municipais\">os feriados e pontos facultativos do ano de 2025<\/a>, para os \u00f3rg\u00e3os e entidades da administra\u00e7\u00e3o p\u00fablica do Poder Executivo Municipal.<\/p>\n<p>O decreto N\u00ba. 9.980 dever\u00e1 ser cumprido sem preju\u00edzo da presta\u00e7\u00e3o dos servi\u00e7os considerados essenciais e leva em considera\u00e7\u00e3o os feriados nacionais, estaduais e municipais estabelecidos em Lei. Ao todo, este ano, teremos 17 feriados, sendo nove nacionais, cinco municipais, tr\u00eas estaduais e sete pontos facultativos.<\/p>\n<p><strong>JANEIRO<\/strong><\/p>\n<p>1\u00ba de janeiro, Confraterniza\u00e7\u00e3o Universal (feriado nacional)<\/p>\n<p><strong>MAR\u00c7O\u00a0<\/strong><\/p>\n<p>03 de mar\u00e7o, Carnaval (ponto facultativo)<\/p>\n<p>04 de mar\u00e7o, Carnaval (ponto facultativo)<\/p>\n<p>05 de mar\u00e7o, Quarta-feira de Cinzas (ponto facultativo)<\/p>\n<p><strong>ABRIL\u00a0<\/strong><\/p>\n<p>17 de abril, Quinta-feira Santa (ponto facultativo)<\/p>\n<p>18 de abril, Sexta-feira da Paix\u00e3o (feriado municipal)<\/p>\n<p>21 de abril, Tiradentes (feriado nacional)<\/p>\n<p><strong>MAIO<\/strong><\/p>\n<p>1\u00ba de maio, Dia Mundial do Trabalho (feriado nacional)<\/p>\n<p><strong>JUNHO\u00a0<\/strong><\/p>\n<p>19 de junho, Corpus Christi (feriado municipal)<\/p>\n<p>24 de junho, S\u00e3o Jo\u00e3o (feriado estadual)<\/p>\n<p>29 de junho, Marechal Floriano Peixoto (feriado municipal)<\/p>\n<p><strong>AGOSTO\u00a0<\/strong><\/p>\n<p>27 de agosto, Nossa Senhora dos Prazeres (feriado municipal)<\/p>\n<p><strong>SETEMBRO\u00a0<\/strong><\/p>\n<p>07 de setembro, Independ\u00eancia do Brasil (feriado nacional)<\/p>\n<p>16 de setembro, Emancipa\u00e7\u00e3o Pol\u00edtica de Alagoas (feriado estadual)<\/p>\n<p><strong>OUTUBRO\u00a0<\/strong><\/p>\n<p>12 de outubro, Nossa Senhora Aparecida (feriado nacional)<\/p>\n<p>28 de outubro, Dia do Servidor P\u00fablico (ponto facultativo)<\/p>\n<p><strong>NOVEMBRO<\/strong><\/p>\n<p>02 de novembro, Finados (feriado nacional)<\/p>\n<p>15 de novembro, Proclama\u00e7\u00e3o da Rep\u00fablica (feriado nacional)<\/p>\n<p>20 de novembro, Dia Nacional de Zumbi e da Consci\u00eancia Negra (feriado nacional)<\/p>\n<p>30 de novembro, Dia Estadual do Evang\u00e9lico (feriado estadual)<\/p>\n<p><strong>DEZEMBRO<\/strong><\/p>\n<p>08 de dezembro, Nossa Senhora da Concei\u00e7\u00e3o (feriado municipal)<\/p>\n<p>24 de dezembro, v\u00e9spera de Natal (ponto facultativo)<\/p>\n<p>25 de dezembro, Natal (feriado nacional)<\/p>\n<p>31 de dezembro, v\u00e9spera do Ano Novo (ponto facultativo)<\/p>\n","protected":false},"excerpt":{"rendered":"<p>A Prefeitura de Macei\u00f3, por meio do Di\u00e1rio Oficial do Munic\u00edpio, publicou o decreto assinado pelo prefeito<\/p>\n","protected":false},"author":1,"featured_media":0,"comment_status":"closed","ping_status":"open","sticky":false,"template":"","format":"standard","meta":{"footnotes":""},"categories":[60],"tags":[],"class_list":["post-23628","post","type-post","status-publish","format-standard","hentry","category-capa"],"_links":{"self":[{"href":"https:\/\/4cantosalagoas.com.br\/portal\/wp-json\/wp\/v2\/posts\/23628","targetHints":{"allow":["GET"]}}],"collection":[{"href":"https:\/\/4cantosalagoas.com.br\/portal\/wp-json\/wp\/v2\/posts"}],"about":[{"href":"https:\/\/4cantosalagoas.com.br\/portal\/wp-json\/wp\/v2\/types\/post"}],"author":[{"embeddable":true,"href":"https:\/\/4cantosalagoas.com.br\/portal\/wp-json\/wp\/v2\/users\/1"}],"replies":[{"embeddable":true,"href":"https:\/\/4cantosalagoas.com.br\/portal\/wp-json\/wp\/v2\/comments?post=23628"}],"version-history":[{"count":1,"href":"https:\/\/4cantosalagoas.com.br\/portal\/wp-json\/wp\/v2\/posts\/23628\/revisions"}],"predecessor-version":[{"id":23629,"href":"https:\/\/4cantosalagoas.com.br\/portal\/wp-json\/wp\/v2\/posts\/23628\/revisions\/23629"}],"wp:attachment":[{"href":"https:\/\/4cantosalagoas.com.br\/portal\/wp-json\/wp\/v2\/media?parent=23628"}],"wp:term":[{"taxonomy":"category","embeddable":true,"href":"https:\/\/4cantosalagoas.com.br\/portal\/wp-json\/wp\/v2\/categories?post=23628"},{"taxonomy":"post_tag","embeddable":true,"href":"https:\/\/4cantosalagoas.com.br\/portal\/wp-json\/wp\/v2\/tags?post=23628"}],"curies":[{"name":"wp","href":"https:\/\/api.w.org\/{rel}","templated":true}]}}