{"id":23618,"date":"2025-01-02T09:25:20","date_gmt":"2025-01-02T12:25:20","guid":{"rendered":"https:\/\/4cantosalagoas.com.br\/portal\/?p=23618"},"modified":"2025-01-02T09:25:20","modified_gmt":"2025-01-02T12:25:20","slug":"prefeito-jhc-anuncia-programacao-do-festival-verao-massayo-2025","status":"publish","type":"post","link":"https:\/\/4cantosalagoas.com.br\/portal\/prefeito-jhc-anuncia-programacao-do-festival-verao-massayo-2025\/","title":{"rendered":"Prefeito JHC anuncia programa\u00e7\u00e3o do Festival Ver\u00e3o Massay\u00f3 2025"},"content":{"rendered":"<header class=\"news-header\">\n<figure><figcaption>An\u00fancio aconteceu nesta quarta-feira (1\u00ba) em arrast\u00e3o com Bell Marques, na orla de Macei\u00f3. Foto: Itawi Albuquerque \/ Secom Macei\u00f3<\/figcaption><\/figure>\n<\/header>\n<section class=\"news-content --content block-internal\">O prefeito de Macei\u00f3, JHC, anunciou nesta quarta-feira (1\u00ba) durante grande arrast\u00e3o do cantor Bell Marques, na orla de Macei\u00f3, a programa\u00e7\u00e3o do Ver\u00e3o Massay\u00f3 2025. O evento acontecer\u00e1 em dois finais de semana, no m\u00eas de janeiro, e levar\u00e1 grandes nomes da m\u00fasica brasileira para a Praia da Avenida, no Jaragu\u00e1.<\/p>\n<p>Nos dias 10, 11, 12 e 17, 18 e 19, maceioenses e turistas poder\u00e3o aproveitar apresenta\u00e7\u00f5es art\u00edsticas para todos os gostos. O evento vai contar com a presen\u00e7a dos artistas Xand Avi\u00e3o, Dennis DJ, Cl\u00e1udia Leitte, MC Daniel, Matu\u00ea, Geraldo Azevedo, Sorriso Maroto, Roupa Nova, Matheus e Kauan, Chrigor, Xanddy Harmonia, Ramon e Randinho, Marcynho Sensa\u00e7\u00e3o, Dilsinho, Millane Hora, Raynel Guedes, Hungria, L\u00e9o Santana e Natanzinho Lima.<\/p>\n<div class=\"single-section-box single-section-img single-box-center\">\n<figure><a href=\"https:\/\/maceioalgovbr.dhost.cloud\/uploads\/imagens\/WhatsApp-Image-2025-01-01-at-19.40.28.jpeg\" data-fancybox=\"images\"><img decoding=\"async\" src=\"https:\/\/maceioalgovbr.dhost.cloud\/uploads\/imagens\/_845xAUTO_crop_center-center_none\/WhatsApp-Image-2025-01-01-at-19.40.28.jpeg\" alt=\"Programa\u00e7\u00e3o completa do Ver\u00e3o Massay\u00f3 2025.\" \/><\/a><figcaption><small class=\"img-credits\">Programa\u00e7\u00e3o completa do Ver\u00e3o Massay\u00f3 2025.<\/small><\/figcaption><\/figure>\n<\/div>\n<p>Esta \u00e9 a terceira edi\u00e7\u00e3o do Ver\u00e3o Massay\u00f3, que j\u00e1 se consolidou no calend\u00e1rio de grandes festivais do Brasil. A festa \u00e9 uma importante impulsionadora para movimentar a economia local na alta temporada da capital alagoana.<\/p>\n<div class=\"single-section-box single-section-img single-box-left\">\n<figure><a href=\"https:\/\/maceioalgovbr.dhost.cloud\/uploads\/imagens\/1fc1b6d9-44fc-4439-9cad-28a279e77cc2.jpeg\" data-fancybox=\"images\"><img decoding=\"async\" src=\"https:\/\/maceioalgovbr.dhost.cloud\/uploads\/imagens\/_300xAUTO_crop_center-center_none\/1fc1b6d9-44fc-4439-9cad-28a279e77cc2.jpeg\" alt=\"Multid\u00e3o se reuniu na orla para prestigiar o arrast\u00e3o com o cantor baiano Bell Marques. Foto: Ray Veloso \/ Secom Macei\u00f3\" \/><\/a><figcaption><small class=\"img-credits\">Multid\u00e3o se reuniu na orla para prestigiar o arrast\u00e3o com o cantor baiano Bell Marques. Foto: Ray Veloso \/ Secom Macei\u00f3<\/small><\/figcaption><\/figure>\n<\/div>\n<p><strong>Arrast\u00e3o com Bell Marques\u00a0<\/strong>&#8211; O primeiro dia de 2025, em Macei\u00f3, foi marcado por um grande arrast\u00e3o do cantor Bell Marques. Levando uma multid\u00e3o pela orla mar\u00edtima da capital, o artista cantou e animou turistas e maceioenses, deixando o in\u00edcio do ano ainda melhor.<\/p>\n<p>Na ocasi\u00e3o, o prefeito agradeceu ao artista pela presen\u00e7a em mais um evento na capital. \u201cBell, obrigado pelo amor, pelo carinho com a nossa cidade, com o nosso povo. Muito obrigado mais uma vez pela confian\u00e7a. Vamos iniciar 2025 com muita energia, com a sua alegria, com a sua simplicidade, com a sua humildade. Obrigado, Macei\u00f3! Eu amo voc\u00eas!\u201d, disse JHC.<\/p>\n<p>Milhares de pessoas se reuniram no sete coqueiros, na Orla da Paju\u00e7ara para prestigiar grandes sucessos do cantor baiano.\u00a0 Acompanhando os amigos que vieram de Recife para curtir o fim de ano em Macei\u00f3, o maceioense Weslley Galv\u00e3o curtiu o primeiro dia de 2025 na festa.<\/p>\n<div class=\"single-section-box single-section-img single-box-right\">\n<figure><a href=\"https:\/\/maceioalgovbr.dhost.cloud\/uploads\/imagens\/33a73ada-289d-469e-9530-46a4977148dd.jpeg\" data-fancybox=\"images\"><img decoding=\"async\" src=\"https:\/\/maceioalgovbr.dhost.cloud\/uploads\/imagens\/_300xAUTO_crop_center-center_none\/33a73ada-289d-469e-9530-46a4977148dd.jpeg\" alt=\"Maceioenses e turistas prestigiaram a festa. Foto: Ascom FMAC\" \/><\/a><figcaption><small class=\"img-credits\">Maceioenses e turistas prestigiaram a festa. Foto: Ascom FMAC<\/small><\/figcaption><\/figure>\n<\/div>\n<p class=\"text-justify\">\u201c\u00c9 muito bom iniciar o ano nessa energia. Ano passado est\u00e1vamos aqui e dessa vez trouxe meus amigos de Recife para aproveitar as maravilhas de Macei\u00f3\u201d, disse ele.<\/p>\n<p>N\u00e3o \u00e9 a primeira vez que Bell Marques transforma a orla mar\u00edtima da cidade em uma festa popular. No in\u00edcio de 2024, o cantor reuniu multid\u00f5es que cantaram e dan\u00e7aram ao som dos maiores sucessos.<\/p>\n<\/section>\n","protected":false},"excerpt":{"rendered":"<p>An\u00fancio aconteceu nesta quarta-feira (1\u00ba) em arrast\u00e3o com Bell Marques, na orla de Macei\u00f3. Foto: Itawi Albuquerque<\/p>\n","protected":false},"author":1,"featured_media":23619,"comment_status":"closed","ping_status":"open","sticky":false,"template":"","format":"standard","meta":{"footnotes":""},"categories":[60],"tags":[],"class_list":["post-23618","post","type-post","status-publish","format-standard","has-post-thumbnail","hentry","category-capa"],"_links":{"self":[{"href":"https:\/\/4cantosalagoas.com.br\/portal\/wp-json\/wp\/v2\/posts\/23618","targetHints":{"allow":["GET"]}}],"collection":[{"href":"https:\/\/4cantosalagoas.com.br\/portal\/wp-json\/wp\/v2\/posts"}],"about":[{"href":"https:\/\/4cantosalagoas.com.br\/portal\/wp-json\/wp\/v2\/types\/post"}],"author":[{"embeddable":true,"href":"https:\/\/4cantosalagoas.com.br\/portal\/wp-json\/wp\/v2\/users\/1"}],"replies":[{"embeddable":true,"href":"https:\/\/4cantosalagoas.com.br\/portal\/wp-json\/wp\/v2\/comments?post=23618"}],"version-history":[{"count":2,"href":"https:\/\/4cantosalagoas.com.br\/portal\/wp-json\/wp\/v2\/posts\/23618\/revisions"}],"predecessor-version":[{"id":23621,"href":"https:\/\/4cantosalagoas.com.br\/portal\/wp-json\/wp\/v2\/posts\/23618\/revisions\/23621"}],"wp:featuredmedia":[{"embeddable":true,"href":"https:\/\/4cantosalagoas.com.br\/portal\/wp-json\/wp\/v2\/media\/23619"}],"wp:attachment":[{"href":"https:\/\/4cantosalagoas.com.br\/portal\/wp-json\/wp\/v2\/media?parent=23618"}],"wp:term":[{"taxonomy":"category","embeddable":true,"href":"https:\/\/4cantosalagoas.com.br\/portal\/wp-json\/wp\/v2\/categories?post=23618"},{"taxonomy":"post_tag","embeddable":true,"href":"https:\/\/4cantosalagoas.com.br\/portal\/wp-json\/wp\/v2\/tags?post=23618"}],"curies":[{"name":"wp","href":"https:\/\/api.w.org\/{rel}","templated":true}]}}