{"id":23570,"date":"2024-12-20T10:32:32","date_gmt":"2024-12-20T13:32:32","guid":{"rendered":"https:\/\/4cantosalagoas.com.br\/portal\/?p=23570"},"modified":"2024-12-20T10:32:32","modified_gmt":"2024-12-20T13:32:32","slug":"maceio-se-consolida-entre-os-destinos-mais-procurados-do-verao-que-inicia-sabado-21","status":"publish","type":"post","link":"https:\/\/4cantosalagoas.com.br\/portal\/maceio-se-consolida-entre-os-destinos-mais-procurados-do-verao-que-inicia-sabado-21\/","title":{"rendered":"Macei\u00f3 se consolida entre os destinos mais procurados do Ver\u00e3o, que inicia s\u00e1bado (21)"},"content":{"rendered":"<header class=\"news-header\">\n<figure><figcaption>Belezas naturais e infraestrutura de Macei\u00f3 atraem mais turistas a cada ano. Foto: Jonathan Lins\/ Secom Macei\u00f3<\/figcaption><\/figure>\n<\/header>\n<section class=\"news-content --content block-internal\">O ver\u00e3o em Macei\u00f3 se consolida a cada ano como per\u00edodo ideal para curtir a cidade e suas atra\u00e7\u00f5es. Nesta alta temporada, que vai de dezembro de 2024 a fevereiro de 2025, estima-se que o turismo ir\u00e1 movimentar R$ 600 milh\u00f5es na economia local, retorno conquistado por meio dos investimentos da Prefeitura.<\/p>\n<p>Uma das grandes atra\u00e7\u00f5es do per\u00edodo, esperada por moradores e turistas, \u00e9 o Natal de Todos N\u00f3s. Foram R$ 32 milh\u00f5es investidos pela Ilumina nas luzes que enfeitam toda a orla mar\u00edtima, a Pra\u00e7a Gog\u00f3 da Ema e o Parque do Centen\u00e1rio, e nas pistas de patina\u00e7\u00e3o.<\/p>\n<p>Al\u00e9m disso, as atividades culturais do m\u00eas de dezembro s\u00e3o um espet\u00e1culo \u00e0 parte e t\u00eam encantado pessoas de todas as idades. A Funda\u00e7\u00e3o Municipal de A\u00e7\u00e3o Cultural preparou eventos natalinos para todos os finais de semana do m\u00eas.<\/p>\n<p>Mas a programa\u00e7\u00e3o vai al\u00e9m, e segue no in\u00edcio de 2025, com o Macei\u00f3 Ver\u00e3o, evento que ir\u00e1 reunir grandes nomes da m\u00fasica brasileira na capital no m\u00eas de janeiro, e o Carnaval e pr\u00e9vias carnavalescas, em fevereiro e in\u00edcio de mar\u00e7o.<\/p>\n<p>Os eventos esportivos tamb\u00e9m estar\u00e3o em alta na temporada. A Secretaria de Esporte vai ampliar os hor\u00e1rios da Praia Acess\u00edvel e do Funcional para Todos, e promover torneios de diversas modalidades esportivas, al\u00e9m de atividades para crian\u00e7as.<\/p>\n<p>Todas as a\u00e7\u00f5es realizadas no ver\u00e3o contar\u00e3o com uma for\u00e7a-tarefa das secretarias municipais, com o objetivo de proporcionar a turistas e moradores uma experi\u00eancia \u00fanica e memor\u00e1vel.<\/p>\n<p>Para o prefeito JHC, Macei\u00f3 se tornou refer\u00eancia para o Brasil, gra\u00e7as n\u00e3o s\u00f3 \u00e0s belezas naturais e ao clima da cidade, mas tamb\u00e9m aos investimentos realizados pela Prefeitura.<\/p>\n<p>\u201cMacei\u00f3 \u00e9 o destino mais procurado do Brasil, porque n\u00f3s conseguimos estimular o turismo com as a\u00e7\u00f5es certas. A cidade est\u00e1 cada vez mais bonita, limpa e vibrante. Melhoramos a infraestrutura, criamos eventos que j\u00e1 est\u00e3o consolidados e atraem cada vez mais p\u00fablico. O resultado disso \u00e9 a gera\u00e7\u00e3o de emprego e renda, e a movimenta\u00e7\u00e3o da economia e do turismo\u201d, afirmou.<\/p>\n<p><strong>Trabalhos nos bastidores<\/strong><\/p>\n<p>A Secretaria Municipal de Infraestrutura investiu R$ 80 milh\u00f5es para o recapeamento dos principais corredores de transporte, entre eles as avenidas da orla mar\u00edtima, desde o Pontal da Barra at\u00e9 o Posto 7, e vias em outros bairros da cidade.<\/p>\n<p>A pasta tamb\u00e9m mant\u00e9m a limpeza de galerias, de onde retirou mais de 300 toneladas de entulho s\u00f3 em novembro, e executou a limpeza de 89 bocas de lobo, 50 po\u00e7os de visita e 17 caixas coletoras, pontos estrat\u00e9gicos para o escoamento das \u00e1guas pluviais.<\/p>\n<p>A Prefeitura melhorou a organiza\u00e7\u00e3o do cal\u00e7ad\u00e3o da orla, com a amplia\u00e7\u00e3o da faixa verde de 1,2 km para 2,7 km de extens\u00e3o, pelo Departamento Municipal de Transporte e Tr\u00e2nsito. Com isso, pedestres, corredores e ciclistas ganharam mais espa\u00e7o para circular com tranquilidade.<\/p>\n<p>As equipes de agentes de tr\u00e2nsito, guardas municipais e profissionais de limpeza tamb\u00e9m foram ampliadas durante o per\u00edodo. O DMTT refor\u00e7ou o policiamento vi\u00e1rio e os grupos fixos e em ronda no entorno da Avenida Silvio Viana. E iniciou o programa Free Tour Natal de Todos N\u00f3s, com a disponibiliza\u00e7\u00e3o de \u00f4nibus climatizados e gratuitos at\u00e9 o dia 5 de janeiro.<\/p>\n<p>A Secretaria Municipal de Seguran\u00e7a Comunit\u00e1ria e Conv\u00edvio Social aumentou a fiscaliza\u00e7\u00e3o na orla mar\u00edtima, Pra\u00e7a do Centen\u00e1rio e no Centro de Macei\u00f3, devido ao alto movimento de consumidores e ambulantes. E a Autarquia de Limpeza Urbana ir\u00e1 manter entre 80 e 100 garis na praia, e 12 na Pra\u00e7a do Centen\u00e1rio por todo o ver\u00e3o.<\/p>\n<p>Assessoria<\/p>\n<\/section>\n","protected":false},"excerpt":{"rendered":"<p>Belezas naturais e infraestrutura de Macei\u00f3 atraem mais turistas a cada ano. Foto: Jonathan Lins\/ Secom Macei\u00f3<\/p>\n","protected":false},"author":1,"featured_media":23571,"comment_status":"closed","ping_status":"open","sticky":false,"template":"","format":"standard","meta":{"footnotes":""},"categories":[60],"tags":[],"class_list":["post-23570","post","type-post","status-publish","format-standard","has-post-thumbnail","hentry","category-capa"],"_links":{"self":[{"href":"https:\/\/4cantosalagoas.com.br\/portal\/wp-json\/wp\/v2\/posts\/23570","targetHints":{"allow":["GET"]}}],"collection":[{"href":"https:\/\/4cantosalagoas.com.br\/portal\/wp-json\/wp\/v2\/posts"}],"about":[{"href":"https:\/\/4cantosalagoas.com.br\/portal\/wp-json\/wp\/v2\/types\/post"}],"author":[{"embeddable":true,"href":"https:\/\/4cantosalagoas.com.br\/portal\/wp-json\/wp\/v2\/users\/1"}],"replies":[{"embeddable":true,"href":"https:\/\/4cantosalagoas.com.br\/portal\/wp-json\/wp\/v2\/comments?post=23570"}],"version-history":[{"count":1,"href":"https:\/\/4cantosalagoas.com.br\/portal\/wp-json\/wp\/v2\/posts\/23570\/revisions"}],"predecessor-version":[{"id":23572,"href":"https:\/\/4cantosalagoas.com.br\/portal\/wp-json\/wp\/v2\/posts\/23570\/revisions\/23572"}],"wp:featuredmedia":[{"embeddable":true,"href":"https:\/\/4cantosalagoas.com.br\/portal\/wp-json\/wp\/v2\/media\/23571"}],"wp:attachment":[{"href":"https:\/\/4cantosalagoas.com.br\/portal\/wp-json\/wp\/v2\/media?parent=23570"}],"wp:term":[{"taxonomy":"category","embeddable":true,"href":"https:\/\/4cantosalagoas.com.br\/portal\/wp-json\/wp\/v2\/categories?post=23570"},{"taxonomy":"post_tag","embeddable":true,"href":"https:\/\/4cantosalagoas.com.br\/portal\/wp-json\/wp\/v2\/tags?post=23570"}],"curies":[{"name":"wp","href":"https:\/\/api.w.org\/{rel}","templated":true}]}}