{"id":23556,"date":"2024-12-16T11:25:02","date_gmt":"2024-12-16T14:25:02","guid":{"rendered":"https:\/\/4cantosalagoas.com.br\/portal\/?p=23556"},"modified":"2024-12-16T11:25:02","modified_gmt":"2024-12-16T14:25:02","slug":"jovem-e-preso-e-adolescente-apreendido-por-roubo-em-cruz-das-almas","status":"publish","type":"post","link":"https:\/\/4cantosalagoas.com.br\/portal\/jovem-e-preso-e-adolescente-apreendido-por-roubo-em-cruz-das-almas\/","title":{"rendered":"Jovem \u00e9 preso e adolescente apreendido por roubo em Cruz das Almas"},"content":{"rendered":"<p>Agentes de Opera\u00e7\u00e3o Policial Litor\u00e2nea Integrada (Oplit) prenderam una noite deste domingo (15) um jovem, de 19 anos, e aprenderam um adolescente, de 17, acusados de roubar um celular de um jovem, de 21 anos, no bairro de Cruz das Almas.<\/p>\n<p>&nbsp;<\/p>\n<p>Os policiais foram informados do roubo pela v\u00edtima e sa\u00edram em dilig\u00eancias, localizando os suspeitos nas proximidades do Lar S\u00e3o Domingos, naquele mesmo bairro.<\/p>\n<p>&nbsp;<\/p>\n<p>Durantes revista, o aparelho celular foi encontrado com o adolescente, enquanto o outro acusado estava com uma faca que foi usada no assalto para intimidar a v\u00edtima.<\/p>\n<p>&nbsp;<\/p>\n<p>Os dois foram levados para a Central de Flagrantes, onde foram autuados.<\/p>\n<p>Assessoria<\/p>\n","protected":false},"excerpt":{"rendered":"<p>Agentes de Opera\u00e7\u00e3o Policial Litor\u00e2nea Integrada (Oplit) prenderam una noite deste domingo (15) um jovem, de 19<\/p>\n","protected":false},"author":1,"featured_media":23521,"comment_status":"closed","ping_status":"open","sticky":false,"template":"","format":"standard","meta":{"footnotes":""},"categories":[60],"tags":[],"class_list":["post-23556","post","type-post","status-publish","format-standard","has-post-thumbnail","hentry","category-capa"],"_links":{"self":[{"href":"https:\/\/4cantosalagoas.com.br\/portal\/wp-json\/wp\/v2\/posts\/23556","targetHints":{"allow":["GET"]}}],"collection":[{"href":"https:\/\/4cantosalagoas.com.br\/portal\/wp-json\/wp\/v2\/posts"}],"about":[{"href":"https:\/\/4cantosalagoas.com.br\/portal\/wp-json\/wp\/v2\/types\/post"}],"author":[{"embeddable":true,"href":"https:\/\/4cantosalagoas.com.br\/portal\/wp-json\/wp\/v2\/users\/1"}],"replies":[{"embeddable":true,"href":"https:\/\/4cantosalagoas.com.br\/portal\/wp-json\/wp\/v2\/comments?post=23556"}],"version-history":[{"count":1,"href":"https:\/\/4cantosalagoas.com.br\/portal\/wp-json\/wp\/v2\/posts\/23556\/revisions"}],"predecessor-version":[{"id":23557,"href":"https:\/\/4cantosalagoas.com.br\/portal\/wp-json\/wp\/v2\/posts\/23556\/revisions\/23557"}],"wp:featuredmedia":[{"embeddable":true,"href":"https:\/\/4cantosalagoas.com.br\/portal\/wp-json\/wp\/v2\/media\/23521"}],"wp:attachment":[{"href":"https:\/\/4cantosalagoas.com.br\/portal\/wp-json\/wp\/v2\/media?parent=23556"}],"wp:term":[{"taxonomy":"category","embeddable":true,"href":"https:\/\/4cantosalagoas.com.br\/portal\/wp-json\/wp\/v2\/categories?post=23556"},{"taxonomy":"post_tag","embeddable":true,"href":"https:\/\/4cantosalagoas.com.br\/portal\/wp-json\/wp\/v2\/tags?post=23556"}],"curies":[{"name":"wp","href":"https:\/\/api.w.org\/{rel}","templated":true}]}}