{"id":23429,"date":"2024-10-31T09:59:58","date_gmt":"2024-10-31T12:59:58","guid":{"rendered":"https:\/\/4cantosalagoas.com.br\/portal\/?p=23429"},"modified":"2024-10-31T09:59:58","modified_gmt":"2024-10-31T12:59:58","slug":"linhas-de-onibus-serao-reforcadas-nos-dias-de-enem","status":"publish","type":"post","link":"https:\/\/4cantosalagoas.com.br\/portal\/linhas-de-onibus-serao-reforcadas-nos-dias-de-enem\/","title":{"rendered":"Linhas de \u00f4nibus ser\u00e3o refor\u00e7adas nos dias de Enem"},"content":{"rendered":"<header class=\"news-header\">\n<figure><figcaption>Mais de 30 linhas receber\u00e3o refor\u00e7os nos dois domingos de ENEM. Foto: Alisson Fraz\u00e3o<\/figcaption><\/figure>\n<\/header>\n<section class=\"news-content --content block-internal\">Devido \u00e0 realiza\u00e7\u00e3o do Exame Nacional do Ensino M\u00e9dio (ENEM), que ocorrer\u00e1 nos pr\u00f3ximos domingos (03 e 10 de novembro), o Departamento Municipal de Transportes e Tr\u00e2nsito (DMTT) refor\u00e7ar\u00e1 linhas para garantir o deslocamento dos candidatos. Nos dois domingos, as linhas funcionar\u00e3o em hor\u00e1rios ampliados, das 10h \u00e0s 12h, ida aos locais de prova, assegurando que todos cheguem a tempo para o in\u00edcio das provas, programado para as 13h.<\/p>\n<p>O refor\u00e7o tamb\u00e9m ser\u00e1 executado na volta para casa, 16h30 \u00e0s 18h30, e visa garantir o retorno seguro \u00e0s suas resid\u00eancias. As provas do dia 03 de novembro encerram \u00e0s 19h, enquanto no dia 10 o t\u00e9rmino ser\u00e1 \u00e0s 18h30. A medida \u00e9 parte do compromisso da Prefeitura de Maceio para oferecer um transporte eficiente e acess\u00edvel durante a aplica\u00e7\u00e3o do exame.<\/p>\n<p><strong>Como embarcar<\/strong><\/p>\n<p>Estudantes maceioenses desfrutam do Passe Livre, que oferta 44 embarques mensais gratuitos no transporte p\u00fablico, incluindo integra\u00e7\u00f5es temporais. Al\u00e9m disso, aos domingos, qualquer usu\u00e1rio que possua o cart\u00e3o Vamu na modalidade Cidad\u00e3o pode embarcar gratuitamente, promovendo maior inclus\u00e3o e acesso \u00e0 cidade. A primeira via do Vamu Cidad\u00e3o \u00e9 emitida sem custo, permitindo que mais maceioenses aproveitem essa facilidade.<\/p>\n<p><strong>Confira todos os itiner\u00e1rios que receber\u00e3o refor\u00e7os<\/strong><\/p>\n<p>012 &#8211; Jos\u00e9 da Silva Peixoto\/Centro (Farol)<br \/>\n036 &#8211; Dubeaux Le\u00e3o\/Centro (Cambuci &#8211; Santa L\u00facia &#8211; Tabuleiro &#8211; Farol)<br \/>\n041 &#8211; Feitosa\/Centro (Cruz das Almas)<br \/>\n042 &#8211; Benedito Bentes\/Centro (Salvador Lyra &#8211; Cleto &#8211; Santa L\u00facia &#8211; Farol)<br \/>\n046 &#8211; Village II\/Centro (Village I &#8211; Tabuleiro &#8211; Farol)<br \/>\n048 &#8211; Benedito Bentes\/Centro (Av. Menino Marcelo &#8211; Josepha de Melo)<br \/>\n053 &#8211; Graciliano Ramos\/Centro (Tabuleiro &#8211; Farol)<br \/>\n068 &#8211; Colina\/Centro (Santa Am\u00e9lia &#8211; Bebedouro &#8211; Flexal &#8211; Farol)<br \/>\n102 &#8211; Ch\u00e3 da Jaqueira\/Trapiche (Rotary &#8211; B. Duro &#8211; Jacintinho &#8211; Centro &#8211; J. Le\u00e3o)<br \/>\n104 &#8211; Benedito Bentes\/Trapiche (Av. Men. Marcelo &#8211; Jacintinho &#8211; Centro)<br \/>\n108 &#8211; Clima Bom\/Trapiche (Colina &#8211; Sta. Am\u00e9lia &#8211; Ch\u00e3 da Jaqueira &#8211; Farol &#8211; Centro)<br \/>\n113 &#8211; Eust\u00e1quio Gomes\/Trapiche (Farol &#8211; Centro &#8211; Vergel &#8211; Joaquim Le\u00e3o)<br \/>\n214 &#8211; Henrique Equelman\/Vergel (Av. Men. Marcelo &#8211; Centro &#8211; P. Grossa)<br \/>\n223 &#8211; Ipioca\/Vergel (Cruz das Almas &#8211; Jati\u00faca &#8211; Ponta Verde &#8211; Centro)<br \/>\n226 &#8211; Ipioca\/Trapiche (Jacarecica &#8211; Cruz das Almas &#8211; Centro &#8211; Prado)<br \/>\n401 &#8211; CIRCULAR BAIRROS I (Trapiche &#8211; P. Grossa &#8211; Centro &#8211; Farol &#8211; Ouro Preto &#8211; Feitosa &#8211; Jacintinho &#8211; Jati\u00faca &#8211; Paju\u00e7ara &#8211; Jaragu\u00e1 &#8211; Prado &#8211; Trapiche)<br \/>\n402 &#8211; CIRCULAR BAIRROS II (Trapiche &#8211; Prado &#8211; Centro &#8211; Jaragu\u00e1 &#8211; Paju\u00e7ara &#8211; Jati\u00faca &#8211; Jacintinho &#8211; Feitosa &#8211; Farol &#8211; Ouro Preto &#8211; Mercado &#8211; P. Grossa &#8211; Trapiche)<br \/>\n502 &#8211; Vergel\/S\u00e3o Jorge (Farol)<br \/>\n604 &#8211; Eust\u00e1quio Gomes\/Cruz das Almas (Barro Duro &#8211; Tabuleiro &#8211; Rotary)<br \/>\n606 &#8211; Jos\u00e9 Ten\u00f3rio\/MCZ Shopping (Rotary &#8211; Ouro Preto &#8211; Po\u00e7o &#8211; Mangabeiras)<br \/>\n700 &#8211; Gruta\/Ponta Verde (Serraria &#8211; Barro Duro &#8211; Jacintinho &#8211; Jaragu\u00e1)<br \/>\n704 &#8211; Benedito Bentes\/Ponta Verde (Santa L\u00facia &#8211; Farol &#8211; Santo Eduardo)<br \/>\n707 &#8211; Graciliano Ramos\/P. Verde (Av. Menino Marcelo &#8211; Jacintinho \u2013 Josepha de Melo)<br \/>\n708 &#8211; Cruz das Almas\/Ponta Verde (Po\u00e7o &#8211; Farol &#8211; Ouro Preto &#8211; Cana\u00e3 &#8211; Sanat\u00f3rio)<br \/>\n709 &#8211; Ch\u00e3 da Jaqueira\/Ponta Verde (Mutir\u00e3o &#8211; Jo\u00e3o Sampaio &#8211; Farol &#8211; Po\u00e7o &#8211; Jati\u00faca)<br \/>\n710 &#8211; Ch\u00e3 da Jaqueira\/Ponta Verde (Boa Vista &#8211; Petr\u00f3polis &#8211; Farol &#8211; Po\u00e7o &#8211; Jati\u00faca)<br \/>\n712A &#8211; Santos Dumont\/P. Verde (Colina &#8211; Tabuleiro &#8211; Farol &#8211; Jaragu\u00e1 &#8211; Mangabeiras)<br \/>\n716A &#8211; Clima Bom\/Ponta Verde (Colina &#8211; Tabuleiro &#8211; Farol &#8211; Po\u00e7o &#8211; Mangabeiras)<br \/>\n727 &#8211; Eust\u00e1quio Gomes\/P. Verde (Av. Menino Marcelo &#8211; Jacintinho \u2013 Josepha de Melo)<br \/>\n900 &#8211; Cruz das Almas\/Ufal (S\u00e3o Jorge &#8211; Jos\u00e9 Ten\u00f3rio &#8211; Ouro Preto &#8211; Cana\u00e3)<br \/>\n2058 &#8211; Fern\u00e3o Velho\/Colina (Medeiros Neto &#8211; Feirinha)<\/p>\n<\/section>\n","protected":false},"excerpt":{"rendered":"<p>Mais de 30 linhas receber\u00e3o refor\u00e7os nos dois domingos de ENEM. Foto: Alisson Fraz\u00e3o Devido \u00e0 realiza\u00e7\u00e3o<\/p>\n","protected":false},"author":1,"featured_media":23430,"comment_status":"closed","ping_status":"open","sticky":false,"template":"","format":"standard","meta":{"footnotes":""},"categories":[60],"tags":[],"class_list":["post-23429","post","type-post","status-publish","format-standard","has-post-thumbnail","hentry","category-capa"],"_links":{"self":[{"href":"https:\/\/4cantosalagoas.com.br\/portal\/wp-json\/wp\/v2\/posts\/23429","targetHints":{"allow":["GET"]}}],"collection":[{"href":"https:\/\/4cantosalagoas.com.br\/portal\/wp-json\/wp\/v2\/posts"}],"about":[{"href":"https:\/\/4cantosalagoas.com.br\/portal\/wp-json\/wp\/v2\/types\/post"}],"author":[{"embeddable":true,"href":"https:\/\/4cantosalagoas.com.br\/portal\/wp-json\/wp\/v2\/users\/1"}],"replies":[{"embeddable":true,"href":"https:\/\/4cantosalagoas.com.br\/portal\/wp-json\/wp\/v2\/comments?post=23429"}],"version-history":[{"count":1,"href":"https:\/\/4cantosalagoas.com.br\/portal\/wp-json\/wp\/v2\/posts\/23429\/revisions"}],"predecessor-version":[{"id":23431,"href":"https:\/\/4cantosalagoas.com.br\/portal\/wp-json\/wp\/v2\/posts\/23429\/revisions\/23431"}],"wp:featuredmedia":[{"embeddable":true,"href":"https:\/\/4cantosalagoas.com.br\/portal\/wp-json\/wp\/v2\/media\/23430"}],"wp:attachment":[{"href":"https:\/\/4cantosalagoas.com.br\/portal\/wp-json\/wp\/v2\/media?parent=23429"}],"wp:term":[{"taxonomy":"category","embeddable":true,"href":"https:\/\/4cantosalagoas.com.br\/portal\/wp-json\/wp\/v2\/categories?post=23429"},{"taxonomy":"post_tag","embeddable":true,"href":"https:\/\/4cantosalagoas.com.br\/portal\/wp-json\/wp\/v2\/tags?post=23429"}],"curies":[{"name":"wp","href":"https:\/\/api.w.org\/{rel}","templated":true}]}}