{"id":23426,"date":"2024-10-31T09:57:49","date_gmt":"2024-10-31T12:57:49","guid":{"rendered":"https:\/\/4cantosalagoas.com.br\/portal\/?p=23426"},"modified":"2024-10-31T09:57:49","modified_gmt":"2024-10-31T12:57:49","slug":"junta-comercial-cria-comenda-do-merito-do-registro-mercantil-alagoano","status":"publish","type":"post","link":"https:\/\/4cantosalagoas.com.br\/portal\/junta-comercial-cria-comenda-do-merito-do-registro-mercantil-alagoano\/","title":{"rendered":"Junta Comercial cria Comenda do M\u00e9rito do Registro Mercantil Alagoano"},"content":{"rendered":"<p><strong>Ascom Juceal<\/strong><\/p>\n<p>A Junta Comercial do Estado de Alagoas (Juceal) publicou a resolu\u00e7\u00e3o plen\u00e1ria de n\u00b0 5, que cria oficialmente a Comenda do M\u00e9rito do Registro Mercantil Alagoano. No estado, at\u00e9 sete personalidades de destaque no \u00e2mbito do registro de empresas ser\u00e3o agraciadas com a honraria.<\/p>\n<p>&nbsp;<\/p>\n<p>Estabelecida a partir da publica\u00e7\u00e3o feita na edi\u00e7\u00e3o da \u00faltima ter\u00e7a-feira (29) do Di\u00e1rio Oficial do Estado de Alagoas (Doeal), a comenda carrega o nome de Jos\u00e9 Correia Torres como forma de homenagear a atua\u00e7\u00e3o do antigo diretor de registro da Juceal, que faleceu no in\u00edcio deste m\u00eas.<\/p>\n<p>&nbsp;<\/p>\n<p>Conforme a resolu\u00e7\u00e3o, a honraria deve acontecer anualmente durante a sess\u00e3o plen\u00e1ria que marca o anivers\u00e1rio da Juceal, comemorado em 26 de maio.<\/p>\n<p>&nbsp;<\/p>\n<p>As proposi\u00e7\u00f5es dos nomes homenageados pela comenda poder\u00e3o ser feitas pelo col\u00e9gio de vogais da Juceal, pelo secret\u00e1rio-geral Edvaldo Maiorano e pelo procurador Jo\u00e3o Paulo Gaia, sendo analisadas pelo presidente da Junta Comercial, Ricardo D\u00f3ria. As raz\u00f5es e os feitos importantes realizados pelas pessoas dever\u00e3o ser especificados no ato da indica\u00e7\u00e3o.<\/p>\n<p>&nbsp;<\/p>\n<p>A Junta Comercial \u00e9 uma entidade de forma\u00e7\u00e3o colegiada, na qual o col\u00e9gio de vogais funciona como setor deliberativo superior da autarquia. Nesse sentido, ser\u00e1 o vocalato da Juceal o departamento respons\u00e1vel pela aprova\u00e7\u00e3o dos nomes, que contar\u00e3o com diplomas da Comenda Jos\u00e9 Correia Torres.<\/p>\n<p>&nbsp;<\/p>\n<p>&nbsp;<\/p>\n<p>A resolu\u00e7\u00e3o plen\u00e1ria que define a comenda tamb\u00e9m pode ser verificada no site institucional da Junta Comercial (<a href=\"https:\/\/www.juceal.al.gov.br\/\" target=\"_blank\" rel=\"noopener\" data-saferedirecturl=\"https:\/\/www.google.com\/url?q=https:\/\/www.juceal.al.gov.br\/&amp;source=gmail&amp;ust=1730462177701000&amp;usg=AOvVaw0Y_5_28o6BRU_8eRYx7sZP\">https:\/\/www.juceal.al.gov.br\/<\/a>).<\/p>\n","protected":false},"excerpt":{"rendered":"<p>Ascom Juceal A Junta Comercial do Estado de Alagoas (Juceal) publicou a resolu\u00e7\u00e3o plen\u00e1ria de n\u00b0 5,<\/p>\n","protected":false},"author":1,"featured_media":23427,"comment_status":"closed","ping_status":"open","sticky":false,"template":"","format":"standard","meta":{"footnotes":""},"categories":[60],"tags":[],"class_list":["post-23426","post","type-post","status-publish","format-standard","has-post-thumbnail","hentry","category-capa"],"_links":{"self":[{"href":"https:\/\/4cantosalagoas.com.br\/portal\/wp-json\/wp\/v2\/posts\/23426","targetHints":{"allow":["GET"]}}],"collection":[{"href":"https:\/\/4cantosalagoas.com.br\/portal\/wp-json\/wp\/v2\/posts"}],"about":[{"href":"https:\/\/4cantosalagoas.com.br\/portal\/wp-json\/wp\/v2\/types\/post"}],"author":[{"embeddable":true,"href":"https:\/\/4cantosalagoas.com.br\/portal\/wp-json\/wp\/v2\/users\/1"}],"replies":[{"embeddable":true,"href":"https:\/\/4cantosalagoas.com.br\/portal\/wp-json\/wp\/v2\/comments?post=23426"}],"version-history":[{"count":1,"href":"https:\/\/4cantosalagoas.com.br\/portal\/wp-json\/wp\/v2\/posts\/23426\/revisions"}],"predecessor-version":[{"id":23428,"href":"https:\/\/4cantosalagoas.com.br\/portal\/wp-json\/wp\/v2\/posts\/23426\/revisions\/23428"}],"wp:featuredmedia":[{"embeddable":true,"href":"https:\/\/4cantosalagoas.com.br\/portal\/wp-json\/wp\/v2\/media\/23427"}],"wp:attachment":[{"href":"https:\/\/4cantosalagoas.com.br\/portal\/wp-json\/wp\/v2\/media?parent=23426"}],"wp:term":[{"taxonomy":"category","embeddable":true,"href":"https:\/\/4cantosalagoas.com.br\/portal\/wp-json\/wp\/v2\/categories?post=23426"},{"taxonomy":"post_tag","embeddable":true,"href":"https:\/\/4cantosalagoas.com.br\/portal\/wp-json\/wp\/v2\/tags?post=23426"}],"curies":[{"name":"wp","href":"https:\/\/api.w.org\/{rel}","templated":true}]}}