{"id":23336,"date":"2024-10-08T09:35:45","date_gmt":"2024-10-08T12:35:45","guid":{"rendered":"https:\/\/4cantosalagoas.com.br\/portal\/?p=23336"},"modified":"2024-10-08T09:35:45","modified_gmt":"2024-10-08T12:35:45","slug":"8a-edicao-do-al-ciclo-tendencias-e-solucoes-aborda-marketing-digital-e-oficinas-de-videomaker","status":"publish","type":"post","link":"https:\/\/4cantosalagoas.com.br\/portal\/8a-edicao-do-al-ciclo-tendencias-e-solucoes-aborda-marketing-digital-e-oficinas-de-videomaker\/","title":{"rendered":"8\u00aa Edi\u00e7\u00e3o do AL Ciclo Tend\u00eancias e Solu\u00e7\u00f5es aborda Marketing Digital e Oficinas de Videomaker"},"content":{"rendered":"<p><strong>Ag\u00eancia Alagoas<\/strong><\/p>\n<p>Com o tema \u201cMarketing Digital e Oficinas de Videomaker\u201d, a 8\u00aa edi\u00e7\u00e3o do AL Ciclo Tend\u00eancias e Solu\u00e7\u00f5es acontece nesta quinta (10) e sexta-feira (11), em Arapiraca. Atrav\u00e9s de palestras e oficinas, os assuntos ser\u00e3o abordados por especialistas, como Derick Borba, Toni Melo, Edson Falc\u00e3o, Filipe Vieira e Mariah Moraes.<\/p>\n<p>&nbsp;<\/p>\n<p>De iniciativa do Governo de Alagoas, por meio da Secretaria de Estado de Comunica\u00e7\u00e3o (Secom), o curso visa proporcionar qualifica\u00e7\u00e3o profissional. Para se inscrever, basta preencher o formul\u00e1rio ao clicar\u00a0<a title=\"https:\/\/alagoas.al.gov.br\/evento\/ciclo-tendencias-e-solucoes-8-edicao\" href=\"https:\/\/alagoas.al.gov.br\/evento\/ciclo-tendencias-e-solucoes-8-edicao\" target=\"_blank\" rel=\"noopener\"><b>aqui<\/b><\/a>.<\/p>\n<p>&nbsp;<\/p>\n<p>Entre os palestrantes, est\u00e1 o especialista em audiovisual Derick Borba. Destaque em projetos para Globosat, Som Livre, Universal Music, Canon, Sony, Nike, Adobe e Hang Loose, ele produziu filmes e imagens para Multishow, BIS, MTVe ESPN.<\/p>\n<p>&nbsp;<\/p>\n<p>Derick pretende destacar a import\u00e2ncia da intelig\u00eancia artificial, bem como ressaltar contrapontos entre viv\u00eancias e experi\u00eancias do passado para compreens\u00e3o do cen\u00e1rio atual da comunica\u00e7\u00e3o.<\/p>\n<p>&nbsp;<\/p>\n<p>\u201cA informa\u00e7\u00e3o da comunica\u00e7\u00e3o mudou muito, com o surgimento do storymaker. Mais do que s\u00f3 informar, para se diferenciar, \u00e9 importante misturar t\u00e9cnicas cinematogr\u00e1ficas profissionais, como apresentarei atrav\u00e9s de teoria e pr\u00e1tica\u201d, disse Derick, que j\u00e1 trabalhou com centenas de artistas como Djavan, Alceu Valen\u00e7a, Luan Santana, Paula Fernandes, Ludmilla, Anitta, Nx Zero, Cpm22, Planta e Ra\u00edz, Jota Quest e Raimundos.<\/p>\n<p>&nbsp;<\/p>\n<p>O secret\u00e1rio de Estado da Comunica\u00e7\u00e3o (Secom), Joaldo Cavalcante, ressaltou a import\u00e2ncia do AL Ciclo Tend\u00eancias e Solu\u00e7\u00f5es como ferramenta de qualifica\u00e7\u00e3o continuada de profissionais da comunica\u00e7\u00e3o em todo o estado.<\/p>\n<p>&nbsp;<\/p>\n<p>\u201cO objetivo \u00e9 ampliar o escopo o m\u00e1ximo poss\u00edvel, para capacitar os profissionais, com teorias e pr\u00e1ticas distintas que norteiam a comunica\u00e7\u00e3o. Esse ciclo \u00e9 tamb\u00e9m um espa\u00e7o que conecta diferentes gera\u00e7\u00f5es da comunica\u00e7\u00e3o\u201d, destacou.<\/p>\n<p><b>Linguagem audiovisual\u00a0<\/b><\/p>\n<p>&nbsp;<\/p>\n<p>Sobre a oitava edi\u00e7\u00e3o, Joaldo afirmou que o curso pretende ampliar a vis\u00e3o sobre a comunica\u00e7\u00e3o no marketing digital, como tamb\u00e9m busca desenvolver habilidades no campo da linguagem audiovisual.<\/p>\n<p>&nbsp;<\/p>\n<p>\u201cA cada ciclo, um legado \u00e9 deixado pela Secom, a exemplo dos manuais sobre gerenciamento de crise na comunica\u00e7\u00e3o governamental, reda\u00e7\u00e3o e estilo, redes sociais e um anticapacitista, voltado para acessibilidade\u201d, disse.<\/p>\n<p>Na quinta-feira (10), acontecer\u00e3o apenas as palestras, que ser\u00e3o proferidas das 19h \u00e0s 22h. Mariah Moreira ir\u00e1 tratar sobre \u201cPlanejamento de conte\u00fado\u201d. Edson Falc\u00e3o abordar\u00e1 \u201cEstrat\u00e9gia\u201d. Filipe Vieira far\u00e1 uma explana\u00e7\u00e3o sobre \u201cWorkflow Social Media\u201d.<\/p>\n<p>O tema \u201cMarketing de resultados\u201d ser\u00e1 apresentado por Toni Melo. J\u00e1 Derick proferir\u00e1 a palestra \u201cAudiovisual para internet\u201d. Logo ap\u00f3s haver\u00e1 um debate para tirar d\u00favidas com Happyhour-Network.<\/p>\n<p>&nbsp;<\/p>\n<p>Na sexta-feira (11), \u00faltimo dia do evento, ser\u00e1 dedicado \u00e0s oficinas que ser\u00e3o realizadas em dois turnos: das 9h30 \u00e0s 12h e das 14h30 \u00e0s 17h. Edson Falc\u00e3o far\u00e1 exposi\u00e7\u00e3o sobre edi\u00e7\u00e3o de fotografia, por meio do Ligthroom.<\/p>\n<p>&nbsp;<\/p>\n<p>Filipe Vieira ir\u00e1 apresentar edi\u00e7\u00e3o de v\u00eddeos, atrav\u00e9s do CapCut. Derick far\u00e1 explana\u00e7\u00e3o sobre capta\u00e7\u00e3o de imagens, com a utiliza\u00e7\u00e3o de celular.<\/p>\n<p>&nbsp;<\/p>\n<p>O evento, que acontecer\u00e1 no Anfiteatro Planet\u00e1rio, localizado no Lago da Perucaba, em Arapiraca, e conta com o apoio da Escola de Governo de Alagoas e do Sindicato dos Jornalistas do Estado de Alagoas (Sindjornal).<\/p>\n<p>&nbsp;<\/p>\n<p><b>SERVI\u00c7O:<\/b><\/p>\n<p>O QU\u00ca: 8\u00aa Edi\u00e7\u00e3o do AL Ciclo de Solu\u00e7\u00f5es<\/p>\n<p>TEMA: Marketing Digital e Oficinas de Videomaker<\/p>\n<p>ONDE: Anfiteatro Planet\u00e1rio, no Lago da Perucaba, em Arapiraca<\/p>\n<p>&nbsp;<\/p>\n<p>QUANDO: Quinta (10), das 19h \u00e0s 22h, e sexta-feira (11), das 9h30 \u00e0s 12h e das 14h30 \u00e0s 17h<\/p>\n<p>Assessoria<\/p>\n","protected":false},"excerpt":{"rendered":"<p>Ag\u00eancia Alagoas Com o tema \u201cMarketing Digital e Oficinas de Videomaker\u201d, a 8\u00aa edi\u00e7\u00e3o do AL Ciclo<\/p>\n","protected":false},"author":1,"featured_media":23337,"comment_status":"closed","ping_status":"open","sticky":false,"template":"","format":"standard","meta":{"footnotes":""},"categories":[60],"tags":[],"class_list":["post-23336","post","type-post","status-publish","format-standard","has-post-thumbnail","hentry","category-capa"],"_links":{"self":[{"href":"https:\/\/4cantosalagoas.com.br\/portal\/wp-json\/wp\/v2\/posts\/23336","targetHints":{"allow":["GET"]}}],"collection":[{"href":"https:\/\/4cantosalagoas.com.br\/portal\/wp-json\/wp\/v2\/posts"}],"about":[{"href":"https:\/\/4cantosalagoas.com.br\/portal\/wp-json\/wp\/v2\/types\/post"}],"author":[{"embeddable":true,"href":"https:\/\/4cantosalagoas.com.br\/portal\/wp-json\/wp\/v2\/users\/1"}],"replies":[{"embeddable":true,"href":"https:\/\/4cantosalagoas.com.br\/portal\/wp-json\/wp\/v2\/comments?post=23336"}],"version-history":[{"count":1,"href":"https:\/\/4cantosalagoas.com.br\/portal\/wp-json\/wp\/v2\/posts\/23336\/revisions"}],"predecessor-version":[{"id":23338,"href":"https:\/\/4cantosalagoas.com.br\/portal\/wp-json\/wp\/v2\/posts\/23336\/revisions\/23338"}],"wp:featuredmedia":[{"embeddable":true,"href":"https:\/\/4cantosalagoas.com.br\/portal\/wp-json\/wp\/v2\/media\/23337"}],"wp:attachment":[{"href":"https:\/\/4cantosalagoas.com.br\/portal\/wp-json\/wp\/v2\/media?parent=23336"}],"wp:term":[{"taxonomy":"category","embeddable":true,"href":"https:\/\/4cantosalagoas.com.br\/portal\/wp-json\/wp\/v2\/categories?post=23336"},{"taxonomy":"post_tag","embeddable":true,"href":"https:\/\/4cantosalagoas.com.br\/portal\/wp-json\/wp\/v2\/tags?post=23336"}],"curies":[{"name":"wp","href":"https:\/\/api.w.org\/{rel}","templated":true}]}}