{"id":23063,"date":"2024-07-11T08:56:22","date_gmt":"2024-07-11T11:56:22","guid":{"rendered":"https:\/\/4cantosalagoas.com.br\/portal\/?p=23063"},"modified":"2024-07-11T08:56:22","modified_gmt":"2024-07-11T11:56:22","slug":"teatro-de-arena-sergio-cardoso-celebra-52-anos-com-programacao-especial-e-gratuita","status":"publish","type":"post","link":"https:\/\/4cantosalagoas.com.br\/portal\/teatro-de-arena-sergio-cardoso-celebra-52-anos-com-programacao-especial-e-gratuita\/","title":{"rendered":"Teatro de Arena S\u00e9rgio Cardoso celebra 52 anos com programa\u00e7\u00e3o especial e gratuita"},"content":{"rendered":"<p>A Diretoria de Teatros do Estado de Alagoas (Diteal) vai promover tr\u00eas dias de programa\u00e7\u00e3o gratuita em comemora\u00e7\u00e3o aos 52 anos do Teatro de Arena S\u00e9rgio Cardoso. As entradas est\u00e3o dispon\u00edveis pela plataforma Doity para o p\u00fablico geral, escolas, ongs. Institui\u00e7\u00f5es interessadas em participar tamb\u00e9m podem solicitar vagas pelo telefone 82 9 8884-6885 ou pelo e-mail:\u00a0<a href=\"mailto:escolasditeal@gmail.com\" target=\"_blank\" rel=\"noopener\">escolasditeal@gmail.com<\/a>.<\/p>\n<p>&nbsp;<\/p>\n<p>A abertura da programa\u00e7\u00e3o ser\u00e1 no domingo (14) com o espet\u00e1culo Pif Paf, protagonizado por Ana Gal e pelo mestre Chau do Pife, Patrim\u00f4nio Vivo de Alagoas. Neste projeto, a dupla se desafia, se apoia e se celebram, assim como num jogo de cartas. Este \u00e9 o jogo que Chau gosta de jogar antes de subir ao palco nos seus shows e que Gal adotou como nome do show e de uma das m\u00fasicas que compuseram juntos.<\/p>\n<p>&nbsp;<\/p>\n<p>Na ter\u00e7a feira (16), o espet\u00e1culo ser\u00e1 por conta de Jonathan Silva, no show em Meu Caminho &#8211; ATO II. Nele, Jonathan viaja pela alma da m\u00fasica popular brasileira. Cada acorde e cada verso foi escolhido com cuidado para resgatar a ess\u00eancia dos cl\u00e1ssicos que moldaram a cultura alagoana, tecendo uma harmonia po\u00e9tica que abra\u00e7a o passado e ilumina o presente. Neste show, o int\u00e9rprete nos guia por uma trilha de sentimentos, refletindo sua pr\u00f3pria trajet\u00f3ria art\u00edstica e pessoal.<\/p>\n<p>&nbsp;<\/p>\n<p>No encerramento, quarta feira (17), a programa\u00e7\u00e3o come\u00e7a \u00e0s 19h com a abertura da exposi\u00e7\u00e3o Amor Sentido em Arte. A mostra oferece ao p\u00fablico um maravilhoso mergulho na explora\u00e7\u00e3o de mandalas na vis\u00e3o de Maria de F\u00e1tima Almeida. M\u00e9dica, a artista relata que \u201ccriar mandalas e explorar diversas formas art\u00edsticas \u00e9 uma jornada de autoexpress\u00e3o e conex\u00e3o espiritual. Minhas obras s\u00e3o reflexos da minha jornada pessoal em busca de harmonia e beleza no mundo ao meu redor\u201d. A exposi\u00e7\u00e3o, que ficar\u00e1 no foyer do Teatro Deodoro, ter\u00e1 visita\u00e7\u00e3o gratuita.<\/p>\n<p>&nbsp;<\/p>\n<p>Logo depois, \u00e0s 19h30, ocorre a entrega dos pr\u00eamios S\u00e9rgio Cardoso de Incentivo \u00e0 Cultura, que premia anualmente figuras importantes para a comunidade art\u00edstica de Alagoas como forma de agradecimento da institui\u00e7\u00e3o a todos que ajudam a construir a alegria alagoana atrav\u00e9s da m\u00fasica e do teatro.<\/p>\n<p>&nbsp;<\/p>\n<p>Ainda na quarta, Fernanda Guimar\u00e3es traz o espet\u00e1culo Meu Show, Djavan, homenageando a figura que tanto a inspirou e que tem como um dos melhores artistas mundiais. A cantora pretende mostrar o lado B da genialidade do alagoano, com m\u00fasicas menos reproduzidas nos repert\u00f3rios mundo afora, mas que s\u00e3o igualmente importantes, homenageando o cantor, que \u00e9 sua maior refer\u00eancia da m\u00fasica alagoana e brasileira.<\/p>\n<p>&nbsp;<\/p>\n<p>A Diteal percebe o Teatro de Arena S\u00e9rgio Cardoso como um equipamento que abra\u00e7a de maneira muito especial os artistas alagoanos, principalmente para os que est\u00e3o iniciando no mercado cultural. Nidiane Oliveira, atual Gerente Art\u00edstico e Cultural, afirma que a institui\u00e7\u00e3o tem tido muitas pautas voltadas para esses trabalhos de jovens artistas. \u201c\u00c9 muito gratificante para a nossa gest\u00e3o, para a Diteal, sempre poder trazer os artistas alagoanos para essa casa e comemorar mais um anivers\u00e1rio deste nosso ca\u00e7ula. S\u00e3o 52 anos, \u00e9 uma homenagem lind\u00edssima e merecida ao ator S\u00e9rgio Cardoso e com muita alegria convidamos todos para participar da nossa programa\u00e7\u00e3o.<\/p>\n<p>&nbsp;<\/p>\n<p>Sam Menezes, Diretor-Presidente da Diteal, convida todo o p\u00fablico para a programa\u00e7\u00e3o da Diteal. \u201cNessa data, estaremos comemorando o anivers\u00e1rio do Teatro de Arena, cheio de programa\u00e7\u00f5es de encher a alma e os olhos. A participa\u00e7\u00e3o de todos, artistas e p\u00fablico em geral, ser\u00e1 muito gratificante para todos que comp\u00f5em a nossa Diretoria. Venha, participe e viva a arte alagoana, a vida e o Teatro de Arena S\u00e9rgio Cardoso!\u201d, conclui Sam.<\/p>\n<p>&nbsp;<\/p>\n<p>CONFIRA A PROGRAMA\u00c7\u00c3O COMPLETA:<\/p>\n<p>&nbsp;<\/p>\n<p>DIA 14<\/p>\n<p>19H30<\/p>\n<p>ABERTURA<\/p>\n<p>PIF PAF<\/p>\n<p>Com Ana Gal e Chau do Pife<\/p>\n<p>&nbsp;<\/p>\n<p>DIA 16<\/p>\n<p>SHOW MEU CAMINHO &#8211; ATO II<\/p>\n<p>Com Jonathan Silva<\/p>\n<p>&nbsp;<\/p>\n<p>DIA 17<\/p>\n<p>19H<\/p>\n<p>ABERTURA DA EXPOSI\u00c7\u00c3O \u201cAMOR SENTIDO EM ARTE\u201d<\/p>\n<p>Foyer Teatro Deodoro<\/p>\n<p>Por Maria de F\u00e1tima Almeida<\/p>\n<p>&nbsp;<\/p>\n<p>19H30<\/p>\n<p>ENTREGA DO PR\u00caMIO S\u00c9RGIO CARDOSO DE INCENTIVO \u00c0 CULTURA<\/p>\n<p>&nbsp;<\/p>\n<p>20H<\/p>\n<p>ENCERRAMENTO<\/p>\n<p>MEU SOM, DJAVAN<\/p>\n<p>Com Fernanda Guimar\u00e3es<\/p>\n","protected":false},"excerpt":{"rendered":"<p>A Diretoria de Teatros do Estado de Alagoas (Diteal) vai promover tr\u00eas dias de programa\u00e7\u00e3o gratuita em<\/p>\n","protected":false},"author":1,"featured_media":23064,"comment_status":"closed","ping_status":"open","sticky":false,"template":"","format":"standard","meta":{"footnotes":""},"categories":[60],"tags":[],"class_list":["post-23063","post","type-post","status-publish","format-standard","has-post-thumbnail","hentry","category-capa"],"_links":{"self":[{"href":"https:\/\/4cantosalagoas.com.br\/portal\/wp-json\/wp\/v2\/posts\/23063","targetHints":{"allow":["GET"]}}],"collection":[{"href":"https:\/\/4cantosalagoas.com.br\/portal\/wp-json\/wp\/v2\/posts"}],"about":[{"href":"https:\/\/4cantosalagoas.com.br\/portal\/wp-json\/wp\/v2\/types\/post"}],"author":[{"embeddable":true,"href":"https:\/\/4cantosalagoas.com.br\/portal\/wp-json\/wp\/v2\/users\/1"}],"replies":[{"embeddable":true,"href":"https:\/\/4cantosalagoas.com.br\/portal\/wp-json\/wp\/v2\/comments?post=23063"}],"version-history":[{"count":1,"href":"https:\/\/4cantosalagoas.com.br\/portal\/wp-json\/wp\/v2\/posts\/23063\/revisions"}],"predecessor-version":[{"id":23065,"href":"https:\/\/4cantosalagoas.com.br\/portal\/wp-json\/wp\/v2\/posts\/23063\/revisions\/23065"}],"wp:featuredmedia":[{"embeddable":true,"href":"https:\/\/4cantosalagoas.com.br\/portal\/wp-json\/wp\/v2\/media\/23064"}],"wp:attachment":[{"href":"https:\/\/4cantosalagoas.com.br\/portal\/wp-json\/wp\/v2\/media?parent=23063"}],"wp:term":[{"taxonomy":"category","embeddable":true,"href":"https:\/\/4cantosalagoas.com.br\/portal\/wp-json\/wp\/v2\/categories?post=23063"},{"taxonomy":"post_tag","embeddable":true,"href":"https:\/\/4cantosalagoas.com.br\/portal\/wp-json\/wp\/v2\/tags?post=23063"}],"curies":[{"name":"wp","href":"https:\/\/api.w.org\/{rel}","templated":true}]}}