{"id":23037,"date":"2024-07-03T10:20:31","date_gmt":"2024-07-03T13:20:31","guid":{"rendered":"https:\/\/4cantosalagoas.com.br\/portal\/?p=23037"},"modified":"2024-07-03T10:20:31","modified_gmt":"2024-07-03T13:20:31","slug":"preso-no-parana-dois-acusados-do-latrocinio-de-adolescente-em-alagoas","status":"publish","type":"post","link":"https:\/\/4cantosalagoas.com.br\/portal\/preso-no-parana-dois-acusados-do-latrocinio-de-adolescente-em-alagoas\/","title":{"rendered":"Preso no Paran\u00e1 dois acusados do latroc\u00ednio de adolescente em Alagoas"},"content":{"rendered":"<p>Uma opera\u00e7\u00e3o conjunta das pol\u00edcias de Alagoas e do Paran\u00e1, realizada nesta ter\u00e7a-feira (2), resultou nas pris\u00f5es de dois homens acusados da pr\u00e1tica de latroc\u00ednio, ocorrida em 10 de maio de 2010.<\/p>\n<p>A a\u00e7\u00e3o policial, coordenada pela Diretoria de Intelig\u00eancia Policial (Dinpol), da Pol\u00edcia Civil de Alagoas, comandada pelo delegado Thales Ara\u00fajo, teve o apoio do 31\u00ba Batalh\u00e3o da Pol\u00edcia Militar do Paran\u00e1.<\/p>\n<p>Foragida h\u00e1 14 anos, a dupla matou o adolescente Matias Rodrigues Correia, de 15 anos, no Povoado Xex\u00e9u, zona rural do munic\u00edpio alagoano de P\u00e3o de A\u00e7\u00facar.<\/p>\n<p>A v\u00edtima se deslocava para outra localidade quando foi abordada e morta pelos dois homens que achavam que ele estava com dinheiro em seus bolsos.<\/p>\n<p>Um dos homens, de 32 anos, foi preso na cidade de Assis Chateaubriand, no Paran\u00e1, e o outro, de 44 anos, foi encontrado na cidade de Palotina, tamb\u00e9m naquele Estado.<\/p>\n<p>Os policiais envolvidos na opera\u00e7\u00e3o deram cumprimento a mandados de pris\u00e3o expedidos pela Vara do Of\u00edcio \u00danico de P\u00e3o de A\u00e7\u00facar\/AL.<\/p>\n<p>Os presos foram conduzidos para a Delegacia de Assis Chateaubriand, onde foram colocados \u00e0 disposi\u00e7\u00e3o da Justi\u00e7a e passar\u00e3o por audi\u00eancia de cust\u00f3dia.<\/p>\n<p>Assessoria<\/p>\n","protected":false},"excerpt":{"rendered":"<p>Uma opera\u00e7\u00e3o conjunta das pol\u00edcias de Alagoas e do Paran\u00e1, realizada nesta ter\u00e7a-feira (2), resultou nas pris\u00f5es<\/p>\n","protected":false},"author":1,"featured_media":22901,"comment_status":"closed","ping_status":"open","sticky":false,"template":"","format":"standard","meta":{"footnotes":""},"categories":[60],"tags":[],"class_list":["post-23037","post","type-post","status-publish","format-standard","has-post-thumbnail","hentry","category-capa"],"_links":{"self":[{"href":"https:\/\/4cantosalagoas.com.br\/portal\/wp-json\/wp\/v2\/posts\/23037","targetHints":{"allow":["GET"]}}],"collection":[{"href":"https:\/\/4cantosalagoas.com.br\/portal\/wp-json\/wp\/v2\/posts"}],"about":[{"href":"https:\/\/4cantosalagoas.com.br\/portal\/wp-json\/wp\/v2\/types\/post"}],"author":[{"embeddable":true,"href":"https:\/\/4cantosalagoas.com.br\/portal\/wp-json\/wp\/v2\/users\/1"}],"replies":[{"embeddable":true,"href":"https:\/\/4cantosalagoas.com.br\/portal\/wp-json\/wp\/v2\/comments?post=23037"}],"version-history":[{"count":1,"href":"https:\/\/4cantosalagoas.com.br\/portal\/wp-json\/wp\/v2\/posts\/23037\/revisions"}],"predecessor-version":[{"id":23038,"href":"https:\/\/4cantosalagoas.com.br\/portal\/wp-json\/wp\/v2\/posts\/23037\/revisions\/23038"}],"wp:featuredmedia":[{"embeddable":true,"href":"https:\/\/4cantosalagoas.com.br\/portal\/wp-json\/wp\/v2\/media\/22901"}],"wp:attachment":[{"href":"https:\/\/4cantosalagoas.com.br\/portal\/wp-json\/wp\/v2\/media?parent=23037"}],"wp:term":[{"taxonomy":"category","embeddable":true,"href":"https:\/\/4cantosalagoas.com.br\/portal\/wp-json\/wp\/v2\/categories?post=23037"},{"taxonomy":"post_tag","embeddable":true,"href":"https:\/\/4cantosalagoas.com.br\/portal\/wp-json\/wp\/v2\/tags?post=23037"}],"curies":[{"name":"wp","href":"https:\/\/api.w.org\/{rel}","templated":true}]}}