{"id":23034,"date":"2024-07-03T10:17:19","date_gmt":"2024-07-03T13:17:19","guid":{"rendered":"https:\/\/4cantosalagoas.com.br\/portal\/?p=23034"},"modified":"2024-07-03T10:17:41","modified_gmt":"2024-07-03T13:17:41","slug":"stalker-e-preso-por-descumprimento-de-medida-protetiva-e-ameaca","status":"publish","type":"post","link":"https:\/\/4cantosalagoas.com.br\/portal\/stalker-e-preso-por-descumprimento-de-medida-protetiva-e-ameaca\/","title":{"rendered":"Stalker \u00e9 preso por descumprimento de medida protetiva e amea\u00e7a"},"content":{"rendered":"<p>Um stalker foi preso na manh\u00e3 desta ter\u00e7a-feira (02), em cumprimento a mandado de pris\u00e3o preventiv. A pris\u00e3o foi realizada pela Delegacia Especializada de Atendimento \u00e0 Mulher (DEAM 2), sob comando da delegada Kelly Kristynne.<\/p>\n<p>&nbsp;<\/p>\n<p>O homem, acusado por amea\u00e7a, stalking e descumprimento de medida protetiva, foi localizado no bairro Cleto Marques Luz, em Macei\u00f3.<\/p>\n<p>&nbsp;<\/p>\n<p>O inqu\u00e9rito policial foi instaurado na mesma data do fato, no dia 25 do m\u00eas passado, diante da not\u00edcia da v\u00edtima no sentido do descumprimento reiterado de medidas protetivas concedidas pela Justi\u00e7a, amea\u00e7a de morte e persegui\u00e7\u00e3o por parte do investigado, que, no ano passado, j\u00e1 foi preso tamb\u00e9m por descumprimento de medidas protetivas.<\/p>\n<p>&nbsp;<\/p>\n<p>No mais recente epis\u00f3dio, ocorrido, tamb\u00e9m na mesma data, o investigado seguiu a v\u00edtima utilizando uma motocicleta e ainda enviou mensagens confirmando suas a\u00e7\u00f5es.<\/p>\n<p>&nbsp;<\/p>\n<p>Segundo registros policiais, o autor dos delitos \u00e9 conhecido por seu hist\u00f3rico de descumprimento de medidas protetivas, stalking, amea\u00e7a e inclusive tem envolvimento em crimes de estelionato.<\/p>\n<p>&nbsp;<\/p>\n<p>O suspeito permanece sob cust\u00f3dia e \u00e0 disposi\u00e7\u00e3o da Justi\u00e7a.<\/p>\n","protected":false},"excerpt":{"rendered":"<p>Um stalker foi preso na manh\u00e3 desta ter\u00e7a-feira (02), em cumprimento a mandado de pris\u00e3o preventiv. A<\/p>\n","protected":false},"author":1,"featured_media":23035,"comment_status":"closed","ping_status":"open","sticky":false,"template":"","format":"standard","meta":{"footnotes":""},"categories":[60],"tags":[],"class_list":["post-23034","post","type-post","status-publish","format-standard","has-post-thumbnail","hentry","category-capa"],"_links":{"self":[{"href":"https:\/\/4cantosalagoas.com.br\/portal\/wp-json\/wp\/v2\/posts\/23034","targetHints":{"allow":["GET"]}}],"collection":[{"href":"https:\/\/4cantosalagoas.com.br\/portal\/wp-json\/wp\/v2\/posts"}],"about":[{"href":"https:\/\/4cantosalagoas.com.br\/portal\/wp-json\/wp\/v2\/types\/post"}],"author":[{"embeddable":true,"href":"https:\/\/4cantosalagoas.com.br\/portal\/wp-json\/wp\/v2\/users\/1"}],"replies":[{"embeddable":true,"href":"https:\/\/4cantosalagoas.com.br\/portal\/wp-json\/wp\/v2\/comments?post=23034"}],"version-history":[{"count":1,"href":"https:\/\/4cantosalagoas.com.br\/portal\/wp-json\/wp\/v2\/posts\/23034\/revisions"}],"predecessor-version":[{"id":23036,"href":"https:\/\/4cantosalagoas.com.br\/portal\/wp-json\/wp\/v2\/posts\/23034\/revisions\/23036"}],"wp:featuredmedia":[{"embeddable":true,"href":"https:\/\/4cantosalagoas.com.br\/portal\/wp-json\/wp\/v2\/media\/23035"}],"wp:attachment":[{"href":"https:\/\/4cantosalagoas.com.br\/portal\/wp-json\/wp\/v2\/media?parent=23034"}],"wp:term":[{"taxonomy":"category","embeddable":true,"href":"https:\/\/4cantosalagoas.com.br\/portal\/wp-json\/wp\/v2\/categories?post=23034"},{"taxonomy":"post_tag","embeddable":true,"href":"https:\/\/4cantosalagoas.com.br\/portal\/wp-json\/wp\/v2\/tags?post=23034"}],"curies":[{"name":"wp","href":"https:\/\/api.w.org\/{rel}","templated":true}]}}