{"id":22964,"date":"2024-06-14T07:42:56","date_gmt":"2024-06-14T10:42:56","guid":{"rendered":"https:\/\/4cantosalagoas.com.br\/portal\/?p=22964"},"modified":"2024-06-14T07:42:56","modified_gmt":"2024-06-14T10:42:56","slug":"pc-prende-jovem-por-homicidio-em-sao-miguel-dos-campos","status":"publish","type":"post","link":"https:\/\/4cantosalagoas.com.br\/portal\/pc-prende-jovem-por-homicidio-em-sao-miguel-dos-campos\/","title":{"rendered":"PC prende jovem por hom\u00edcidio em S\u00e3o Miguel dos Campos"},"content":{"rendered":"<p>A Pol\u00edcia Civil, atrav\u00e9s da 6\u00aa Delegacia Regional de Pol\u00edcia (6\u00aa DRP) de S\u00e3o Miguel dos Campos, coordenado pelo delegado Bruno Emilio, cumpriu, nesta ter\u00e7a-feira (11), um mandado de pris\u00e3o contra um jovem, de 21 anos, acusado de homic\u00eddio.<\/p>\n<p>&nbsp;<\/p>\n<p>O mandado de pris\u00e3o foi expedido pela 4\u00aa Vara Criminal de S\u00e3o Miguel dos Campos.<\/p>\n<p>&nbsp;<\/p>\n<p>O detido \u00e9 acusado de ter participado do assassinato de Alberto Ara\u00fajo Santos, ocorrido em abril de 2024, no bairro do Coit\u00e9 de Baixo, naquela cidade.<\/p>\n<p>&nbsp;<\/p>\n<p>De acordo com as investiga\u00e7\u00f5es, a motiva\u00e7\u00e3o do crime foi uma desaven\u00e7a entre um dos investigados e a v\u00edtima.<\/p>\n<p>&nbsp;<\/p>\n<p>A pris\u00e3o faz parte de um esfor\u00e7o da pol\u00edcia para resolver homic\u00eddios e aumentar a seguran\u00e7a na regi\u00e3o.<\/p>\n<p>&nbsp;<\/p>\n<p>O delegado respons\u00e1vel pelo caso destacou que &#8220;a pris\u00e3o desse indiv\u00edduo \u00e9 importante para a resolu\u00e7\u00e3o do crime e um al\u00edvio para a popula\u00e7\u00e3o. Continuaremos trabalhando para garantir que todos os criminosos sejam responsabilizados&#8221;.<\/p>\n<p>Assessoria<\/p>\n","protected":false},"excerpt":{"rendered":"<p>A Pol\u00edcia Civil, atrav\u00e9s da 6\u00aa Delegacia Regional de Pol\u00edcia (6\u00aa DRP) de S\u00e3o Miguel dos Campos,<\/p>\n","protected":false},"author":1,"featured_media":22554,"comment_status":"closed","ping_status":"open","sticky":false,"template":"","format":"standard","meta":{"footnotes":""},"categories":[60],"tags":[],"class_list":["post-22964","post","type-post","status-publish","format-standard","has-post-thumbnail","hentry","category-capa"],"_links":{"self":[{"href":"https:\/\/4cantosalagoas.com.br\/portal\/wp-json\/wp\/v2\/posts\/22964","targetHints":{"allow":["GET"]}}],"collection":[{"href":"https:\/\/4cantosalagoas.com.br\/portal\/wp-json\/wp\/v2\/posts"}],"about":[{"href":"https:\/\/4cantosalagoas.com.br\/portal\/wp-json\/wp\/v2\/types\/post"}],"author":[{"embeddable":true,"href":"https:\/\/4cantosalagoas.com.br\/portal\/wp-json\/wp\/v2\/users\/1"}],"replies":[{"embeddable":true,"href":"https:\/\/4cantosalagoas.com.br\/portal\/wp-json\/wp\/v2\/comments?post=22964"}],"version-history":[{"count":1,"href":"https:\/\/4cantosalagoas.com.br\/portal\/wp-json\/wp\/v2\/posts\/22964\/revisions"}],"predecessor-version":[{"id":22965,"href":"https:\/\/4cantosalagoas.com.br\/portal\/wp-json\/wp\/v2\/posts\/22964\/revisions\/22965"}],"wp:featuredmedia":[{"embeddable":true,"href":"https:\/\/4cantosalagoas.com.br\/portal\/wp-json\/wp\/v2\/media\/22554"}],"wp:attachment":[{"href":"https:\/\/4cantosalagoas.com.br\/portal\/wp-json\/wp\/v2\/media?parent=22964"}],"wp:term":[{"taxonomy":"category","embeddable":true,"href":"https:\/\/4cantosalagoas.com.br\/portal\/wp-json\/wp\/v2\/categories?post=22964"},{"taxonomy":"post_tag","embeddable":true,"href":"https:\/\/4cantosalagoas.com.br\/portal\/wp-json\/wp\/v2\/tags?post=22964"}],"curies":[{"name":"wp","href":"https:\/\/api.w.org\/{rel}","templated":true}]}}