{"id":22927,"date":"2024-06-06T08:39:52","date_gmt":"2024-06-06T11:39:52","guid":{"rendered":"https:\/\/4cantosalagoas.com.br\/portal\/?p=22927"},"modified":"2024-06-06T08:39:52","modified_gmt":"2024-06-06T11:39:52","slug":"idoso-e-preso-por-dano-e-ameaca-em-campo-alegre","status":"publish","type":"post","link":"https:\/\/4cantosalagoas.com.br\/portal\/idoso-e-preso-por-dano-e-ameaca-em-campo-alegre\/","title":{"rendered":"Idoso \u00e9 preso por dano e amea\u00e7a em campo Alegre"},"content":{"rendered":"<p>A Pol\u00edcia Civil, por meio do 75\u00ba Distrito Policial (75\u00b0DP) de Campo Alegre, coordenado pelo delegado Bruno Em\u00edlio, prendeu em flagrante, nesta quarta-feira (5), um homem de 72 anos por dano ao patrim\u00f4nio p\u00fablico e por amea\u00e7a com arma branca.<\/p>\n<p>De acordo com informa\u00e7\u00f5es, o idoso danificou v\u00e1rios hidr\u00f4metros da empresa de \u00e1gua do munic\u00edpio, incluindo o da sua pr\u00f3pria resid\u00eancia, ap\u00f3s ter o fornecimento suspenso por falta de pagamento.<\/p>\n<p>Ele tamb\u00e9m amea\u00e7ou um familiar com um fac\u00e3o.<\/p>\n<p>Ao ser preso, o idoso resistiu, n\u00e3o obedecendo \u00e0s ordens dos policiais e tornando-se agressivo.<\/p>\n<p>O fac\u00e3o foi apreendido durante a a\u00e7\u00e3o.<\/p>\n<p>O suspeito j\u00e1 possui hist\u00f3rico de viol\u00eancia dom\u00e9stica, inj\u00faria, importuna\u00e7\u00e3o sexual, ato obsceno contra crian\u00e7as e adolescentes, e est\u00e1 sendo investigado por outros crimes similares.<\/p>\n<p>O delegado Bruno Em\u00edlio autuou o idoso em flagrante e ap\u00f3s os procedimentos ele foi encaminhado para a carceragem da 6\u00aa Delegacia Regional de Pol\u00edcia (6\u00aa DRP) de S\u00e3o Miguel dos Campos.<\/p>\n<p>O delegado pede que a popula\u00e7\u00e3o denuncie informa\u00e7\u00f5es sobre outros poss\u00edveis crimes cometidos pelo idoso pelo Disque Den\u00fancia 181.<\/p>\n<p>&nbsp;<\/p>\n","protected":false},"excerpt":{"rendered":"<p>A Pol\u00edcia Civil, por meio do 75\u00ba Distrito Policial (75\u00b0DP) de Campo Alegre, coordenado pelo delegado Bruno<\/p>\n","protected":false},"author":1,"featured_media":22928,"comment_status":"closed","ping_status":"open","sticky":false,"template":"","format":"standard","meta":{"footnotes":""},"categories":[60],"tags":[],"class_list":["post-22927","post","type-post","status-publish","format-standard","has-post-thumbnail","hentry","category-capa"],"_links":{"self":[{"href":"https:\/\/4cantosalagoas.com.br\/portal\/wp-json\/wp\/v2\/posts\/22927","targetHints":{"allow":["GET"]}}],"collection":[{"href":"https:\/\/4cantosalagoas.com.br\/portal\/wp-json\/wp\/v2\/posts"}],"about":[{"href":"https:\/\/4cantosalagoas.com.br\/portal\/wp-json\/wp\/v2\/types\/post"}],"author":[{"embeddable":true,"href":"https:\/\/4cantosalagoas.com.br\/portal\/wp-json\/wp\/v2\/users\/1"}],"replies":[{"embeddable":true,"href":"https:\/\/4cantosalagoas.com.br\/portal\/wp-json\/wp\/v2\/comments?post=22927"}],"version-history":[{"count":1,"href":"https:\/\/4cantosalagoas.com.br\/portal\/wp-json\/wp\/v2\/posts\/22927\/revisions"}],"predecessor-version":[{"id":22929,"href":"https:\/\/4cantosalagoas.com.br\/portal\/wp-json\/wp\/v2\/posts\/22927\/revisions\/22929"}],"wp:featuredmedia":[{"embeddable":true,"href":"https:\/\/4cantosalagoas.com.br\/portal\/wp-json\/wp\/v2\/media\/22928"}],"wp:attachment":[{"href":"https:\/\/4cantosalagoas.com.br\/portal\/wp-json\/wp\/v2\/media?parent=22927"}],"wp:term":[{"taxonomy":"category","embeddable":true,"href":"https:\/\/4cantosalagoas.com.br\/portal\/wp-json\/wp\/v2\/categories?post=22927"},{"taxonomy":"post_tag","embeddable":true,"href":"https:\/\/4cantosalagoas.com.br\/portal\/wp-json\/wp\/v2\/tags?post=22927"}],"curies":[{"name":"wp","href":"https:\/\/api.w.org\/{rel}","templated":true}]}}