{"id":22766,"date":"2024-04-29T11:04:58","date_gmt":"2024-04-29T14:04:58","guid":{"rendered":"https:\/\/4cantosalagoas.com.br\/portal\/?p=22766"},"modified":"2024-04-29T11:04:58","modified_gmt":"2024-04-29T14:04:58","slug":"pc-prende-foragido-por-crimes-de-transito-no-sertao-alagoano","status":"publish","type":"post","link":"https:\/\/4cantosalagoas.com.br\/portal\/pc-prende-foragido-por-crimes-de-transito-no-sertao-alagoano\/","title":{"rendered":"PC prende foragido por crimes de tr\u00e2nsito no Sert\u00e3o alagoano"},"content":{"rendered":"<p>Equipes da 2\u00aa Delegacia Regional de Pol\u00edcia (2\u00aa DRP) de Santana do Ipanema, sob coordena\u00e7\u00e3o da delegada Daniella Andrade, com a em colabora\u00e7\u00e3o da Pol\u00edcia Militar, efetuaram a pris\u00e3o de um homem, de 27 anos de idade, neste domingo (28), na cidade de Oliven\u00e7a, localizado no Sert\u00e3o alagoano.<\/p>\n<p>&nbsp;<\/p>\n<p>A pris\u00e3o ocorreu em decorr\u00eancia de um mandado de pris\u00e3o preventiva expedido em raz\u00e3o de diversos delitos de tr\u00e2nsito.<\/p>\n<p>&nbsp;<\/p>\n<p>O suspeito estava foragido desde 2017, por\u00e9m, segundo informa\u00e7\u00f5es levantadas pela equipe da Pol\u00edcia Civil, ele havia retornado \u00e0 regi\u00e3o h\u00e1 tr\u00eas dias. Atualmente, ele est\u00e1 sob cust\u00f3dia no Centro Integrado de Seguran\u00e7a P\u00fablica (CISP) de S\u00e3o Jos\u00e9 da Tapera, aguardando sua audi\u00eancia de cust\u00f3dia.<\/p>\n<p>&nbsp;<\/p>\n<p>Segundo a delegada Daniella Andrade, &#8220;essa pris\u00e3o visa garantir que pessoas que desrespeitam as leis de tr\u00e2nsito sejam responsabilizadas pelos seus atos e tamb\u00e9m para prevenir a ocorr\u00eancia de novos casos&#8221;.<\/p>\n<p>Assessoria<\/p>\n","protected":false},"excerpt":{"rendered":"<p>Equipes da 2\u00aa Delegacia Regional de Pol\u00edcia (2\u00aa DRP) de Santana do Ipanema, sob coordena\u00e7\u00e3o da delegada<\/p>\n","protected":false},"author":1,"featured_media":22554,"comment_status":"closed","ping_status":"open","sticky":false,"template":"","format":"standard","meta":{"footnotes":""},"categories":[60],"tags":[],"class_list":["post-22766","post","type-post","status-publish","format-standard","has-post-thumbnail","hentry","category-capa"],"_links":{"self":[{"href":"https:\/\/4cantosalagoas.com.br\/portal\/wp-json\/wp\/v2\/posts\/22766","targetHints":{"allow":["GET"]}}],"collection":[{"href":"https:\/\/4cantosalagoas.com.br\/portal\/wp-json\/wp\/v2\/posts"}],"about":[{"href":"https:\/\/4cantosalagoas.com.br\/portal\/wp-json\/wp\/v2\/types\/post"}],"author":[{"embeddable":true,"href":"https:\/\/4cantosalagoas.com.br\/portal\/wp-json\/wp\/v2\/users\/1"}],"replies":[{"embeddable":true,"href":"https:\/\/4cantosalagoas.com.br\/portal\/wp-json\/wp\/v2\/comments?post=22766"}],"version-history":[{"count":1,"href":"https:\/\/4cantosalagoas.com.br\/portal\/wp-json\/wp\/v2\/posts\/22766\/revisions"}],"predecessor-version":[{"id":22767,"href":"https:\/\/4cantosalagoas.com.br\/portal\/wp-json\/wp\/v2\/posts\/22766\/revisions\/22767"}],"wp:featuredmedia":[{"embeddable":true,"href":"https:\/\/4cantosalagoas.com.br\/portal\/wp-json\/wp\/v2\/media\/22554"}],"wp:attachment":[{"href":"https:\/\/4cantosalagoas.com.br\/portal\/wp-json\/wp\/v2\/media?parent=22766"}],"wp:term":[{"taxonomy":"category","embeddable":true,"href":"https:\/\/4cantosalagoas.com.br\/portal\/wp-json\/wp\/v2\/categories?post=22766"},{"taxonomy":"post_tag","embeddable":true,"href":"https:\/\/4cantosalagoas.com.br\/portal\/wp-json\/wp\/v2\/tags?post=22766"}],"curies":[{"name":"wp","href":"https:\/\/api.w.org\/{rel}","templated":true}]}}