{"id":22763,"date":"2024-04-29T08:25:43","date_gmt":"2024-04-29T11:25:43","guid":{"rendered":"https:\/\/4cantosalagoas.com.br\/portal\/?p=22763"},"modified":"2024-04-29T08:25:43","modified_gmt":"2024-04-29T11:25:43","slug":"1o-de-maio-centrais-sindicais-e-movimentos-sociais-organizam-grande-ato-em-maceio","status":"publish","type":"post","link":"https:\/\/4cantosalagoas.com.br\/portal\/1o-de-maio-centrais-sindicais-e-movimentos-sociais-organizam-grande-ato-em-maceio\/","title":{"rendered":"1\u00ba de Maio: Centrais sindicais e movimentos sociais organizam grande ato em Macei\u00f3"},"content":{"rendered":"<p dir=\"ltr\">No dia 1\u00ba de Maio acontecer\u00e1 um grande ato da classe trabalhadora em todo o pa\u00eds, tendo como tema \u201cDia do Trabalhador e da Trabalhadora por um Brasil mais justo\u201d. Em Macei\u00f3, a concentra\u00e7\u00e3o ser\u00e1 \u00e0s 8h, em frente ao Clube do CRB, na Paju\u00e7ara, e o trajeto seguir\u00e1 at\u00e9 a Pra\u00e7a Sete Coqueiros.<\/p>\n<p dir=\"ltr\">\u201cEsse ano vai ser um 1\u00ba de Maio hist\u00f3rico, pois ser\u00e1 a data de lan\u00e7amento da Marcha da Classe Trabalhadora, resolu\u00e7\u00e3o deliberada no \u00faltimo Congresso Nacional da CUT. Algumas das principais bandeiras desse ato s\u00e3o a revoga\u00e7\u00e3o das reformas trabalhista e previdenci\u00e1ria, a defesa da reforma agr\u00e1ria, da agricultura familiar, a quest\u00e3o da emerg\u00eancia clim\u00e1tica entre outras. \u00c9 uma s\u00e9rie de quest\u00f5es que a gente vai pautar e pretendemos mobilizar a maior quantidade poss\u00edvel de sindicatos e movimentos nessa data\u201d, afirmou Luciano Santos, presidente da Central \u00danica dos Trabalhadores em Alagoas (CUT-AL).<\/p>\n<p dir=\"ltr\">Os\/as servidores\/as p\u00fablicos\/as federais em greve, tamb\u00e9m participar\u00e3o do ato, levando as bandeiras do movimento paredista para a rua: valoriza\u00e7\u00e3o da educa\u00e7\u00e3o; recomposi\u00e7\u00e3o salarial; reestrutura\u00e7\u00e3o das carreiras; e revoga\u00e7\u00e3o do Novo Ensino M\u00e9dio e do decreto que transferiu as aposentadorias e pens\u00f5es do Ifal para o INSS, entre outros.<\/p>\n<p dir=\"ltr\">\u201cOs\/as servidores\/as e estudantes do Ifal estar\u00e3o presentes no ato do dia 1\u00ba de Maio para mostrar a for\u00e7a da nossa mobiliza\u00e7\u00e3o em defesa da educa\u00e7\u00e3o\u201d, declarou Yuri Buarque, presidente do Sindicato dos Servidores e das Servidoras do Ifal (Sintietfal).<\/p>\n<p dir=\"ltr\">O ato \u00e9 organizado nacionalmente por centrais sindicais e movimentos sociais, contando com o apoio das bases e dos sindicatos locais nos estados.<\/p>\n<p dir=\"ltr\">Assessoria, e Foto: Sinteal<\/p>\n","protected":false},"excerpt":{"rendered":"<p>No dia 1\u00ba de Maio acontecer\u00e1 um grande ato da classe trabalhadora em todo o pa\u00eds, tendo<\/p>\n","protected":false},"author":1,"featured_media":22764,"comment_status":"closed","ping_status":"open","sticky":false,"template":"","format":"standard","meta":{"footnotes":""},"categories":[60],"tags":[],"class_list":["post-22763","post","type-post","status-publish","format-standard","has-post-thumbnail","hentry","category-capa"],"_links":{"self":[{"href":"https:\/\/4cantosalagoas.com.br\/portal\/wp-json\/wp\/v2\/posts\/22763","targetHints":{"allow":["GET"]}}],"collection":[{"href":"https:\/\/4cantosalagoas.com.br\/portal\/wp-json\/wp\/v2\/posts"}],"about":[{"href":"https:\/\/4cantosalagoas.com.br\/portal\/wp-json\/wp\/v2\/types\/post"}],"author":[{"embeddable":true,"href":"https:\/\/4cantosalagoas.com.br\/portal\/wp-json\/wp\/v2\/users\/1"}],"replies":[{"embeddable":true,"href":"https:\/\/4cantosalagoas.com.br\/portal\/wp-json\/wp\/v2\/comments?post=22763"}],"version-history":[{"count":1,"href":"https:\/\/4cantosalagoas.com.br\/portal\/wp-json\/wp\/v2\/posts\/22763\/revisions"}],"predecessor-version":[{"id":22765,"href":"https:\/\/4cantosalagoas.com.br\/portal\/wp-json\/wp\/v2\/posts\/22763\/revisions\/22765"}],"wp:featuredmedia":[{"embeddable":true,"href":"https:\/\/4cantosalagoas.com.br\/portal\/wp-json\/wp\/v2\/media\/22764"}],"wp:attachment":[{"href":"https:\/\/4cantosalagoas.com.br\/portal\/wp-json\/wp\/v2\/media?parent=22763"}],"wp:term":[{"taxonomy":"category","embeddable":true,"href":"https:\/\/4cantosalagoas.com.br\/portal\/wp-json\/wp\/v2\/categories?post=22763"},{"taxonomy":"post_tag","embeddable":true,"href":"https:\/\/4cantosalagoas.com.br\/portal\/wp-json\/wp\/v2\/tags?post=22763"}],"curies":[{"name":"wp","href":"https:\/\/api.w.org\/{rel}","templated":true}]}}