{"id":22484,"date":"2024-02-27T09:48:04","date_gmt":"2024-02-27T12:48:04","guid":{"rendered":"https:\/\/4cantosalagoas.com.br\/portal\/?p=22484"},"modified":"2024-02-27T09:48:04","modified_gmt":"2024-02-27T12:48:04","slug":"preso-em-cuiaba-acusado-de-homicidio-no-sertao-de-alagoas","status":"publish","type":"post","link":"https:\/\/4cantosalagoas.com.br\/portal\/preso-em-cuiaba-acusado-de-homicidio-no-sertao-de-alagoas\/","title":{"rendered":"Preso em Cuiab\u00e1 acusado de homic\u00eddio no Sert\u00e3o de Alagoas"},"content":{"rendered":"<p>Uma a\u00e7\u00e3o conjunta das Pol\u00edcias Civis de Alagoas e do Mato Grosso resultou na pris\u00e3o de um homem, de 46 anos, acusado da pr\u00e1tica de homic\u00eddio na cidade de Santana do Ipanema, no Sert\u00e3o alagoano.<\/p>\n<p>Os policiais deram cumprimento a mandado de pris\u00e3o preventiva, expedido pela Justi\u00e7a;<\/p>\n<p>O acusado foi preso, na cidade de Cuiab\u00e1, capital do Mato Grosso, ap\u00f3s uma articula\u00e7\u00e3o entre a delegada regional de Santana do Ipanema, Daniella Andrade, e a pol\u00edcia matogrossense.<\/p>\n<p>Conforme as investiga\u00e7\u00f5es, em 2001, o suspeito planejou uma emboscada para assassinar Edilson Vieira que foi atra\u00eddo para o rio da cidade, sendo executado a tiros.<\/p>\n<p>Mesmo atingida em diversas partes do corpo, a v\u00edtima ainda correu, mas n\u00e3o conseguiu escapar com vida.<\/p>\n<p>Como o autor do crime estava foragido, h\u00e1 mais de 20 anos, o seu processo estava suspenso. Agora, com a pris\u00e3o, a Justi\u00e7a retomar\u00e1 o julgamento do caso.<\/p>\n<p>Assessoria<\/p>\n","protected":false},"excerpt":{"rendered":"<p>Uma a\u00e7\u00e3o conjunta das Pol\u00edcias Civis de Alagoas e do Mato Grosso resultou na pris\u00e3o de um<\/p>\n","protected":false},"author":1,"featured_media":22297,"comment_status":"closed","ping_status":"open","sticky":false,"template":"","format":"standard","meta":{"footnotes":""},"categories":[60],"tags":[],"class_list":["post-22484","post","type-post","status-publish","format-standard","has-post-thumbnail","hentry","category-capa"],"_links":{"self":[{"href":"https:\/\/4cantosalagoas.com.br\/portal\/wp-json\/wp\/v2\/posts\/22484","targetHints":{"allow":["GET"]}}],"collection":[{"href":"https:\/\/4cantosalagoas.com.br\/portal\/wp-json\/wp\/v2\/posts"}],"about":[{"href":"https:\/\/4cantosalagoas.com.br\/portal\/wp-json\/wp\/v2\/types\/post"}],"author":[{"embeddable":true,"href":"https:\/\/4cantosalagoas.com.br\/portal\/wp-json\/wp\/v2\/users\/1"}],"replies":[{"embeddable":true,"href":"https:\/\/4cantosalagoas.com.br\/portal\/wp-json\/wp\/v2\/comments?post=22484"}],"version-history":[{"count":1,"href":"https:\/\/4cantosalagoas.com.br\/portal\/wp-json\/wp\/v2\/posts\/22484\/revisions"}],"predecessor-version":[{"id":22485,"href":"https:\/\/4cantosalagoas.com.br\/portal\/wp-json\/wp\/v2\/posts\/22484\/revisions\/22485"}],"wp:featuredmedia":[{"embeddable":true,"href":"https:\/\/4cantosalagoas.com.br\/portal\/wp-json\/wp\/v2\/media\/22297"}],"wp:attachment":[{"href":"https:\/\/4cantosalagoas.com.br\/portal\/wp-json\/wp\/v2\/media?parent=22484"}],"wp:term":[{"taxonomy":"category","embeddable":true,"href":"https:\/\/4cantosalagoas.com.br\/portal\/wp-json\/wp\/v2\/categories?post=22484"},{"taxonomy":"post_tag","embeddable":true,"href":"https:\/\/4cantosalagoas.com.br\/portal\/wp-json\/wp\/v2\/tags?post=22484"}],"curies":[{"name":"wp","href":"https:\/\/api.w.org\/{rel}","templated":true}]}}