{"id":22482,"date":"2024-02-27T09:46:18","date_gmt":"2024-02-27T12:46:18","guid":{"rendered":"https:\/\/4cantosalagoas.com.br\/portal\/?p=22482"},"modified":"2024-02-27T09:46:18","modified_gmt":"2024-02-27T12:46:18","slug":"pc-prende-suspeito-de-abuso-sexual-com-prima-de-12-anos-em-santana-do-ipanema","status":"publish","type":"post","link":"https:\/\/4cantosalagoas.com.br\/portal\/pc-prende-suspeito-de-abuso-sexual-com-prima-de-12-anos-em-santana-do-ipanema\/","title":{"rendered":"PC prende suspeito de abuso sexual com prima de 12 anos em Santana do Ipanema"},"content":{"rendered":"<p>Policiais civis da 2\u00aa Delegacia Regional de Pol\u00edcia (2\u00aa DRP), sob o comando da delegada Daniella Andrade, prenderam um homem, de 21 anos, por ter estuprado uma crian\u00e7a. de 12 anos, na Zona Rural de Santana do Ipanema. A v\u00edtima \u00e9 prima do criminoso e os abusos aconteciam quando ela ia para casa da av\u00f3 paterna.<\/p>\n<p>A equipe policial da 2\u00aa DRP conseguiu localizar e prender o acusado, no S\u00edtio Olho D&#8217;\u00c1gua Grande, na Zona Rural de Santana do Ipanema, dando cumprimento ao mandado de pris\u00e3o preventiva, expedido pelo Poder Judici\u00e1rio.<\/p>\n<p>Segundo as investiga\u00e7\u00f5es, o autor vinha abusando sexualmente de sua prima, de 12 anos de idade. O homem se aproveitava quando a crian\u00e7a ficava na casa da av\u00f3 paterna e a violentava sexualmente. A den\u00fancia foi feita pela m\u00e3e da menina, ap\u00f3s a filha lhe procurar para contar que estava sendo amea\u00e7ada pelo primo.<\/p>\n<p>Em seu relato, a m\u00e3e da crian\u00e7a disse que no dia 26 de janeiro deste ano, a filha contou que foi violentada sexualmente pelo primo e que essa situa\u00e7\u00e3o aconteceu por v\u00e1rias vezes. Acredita que os abusos ocorreram por aproximadamente tr\u00eas anos, e o acusado sempre amea\u00e7ava a crian\u00e7a para cometer os atos libidinosos.<\/p>\n<p>Ap\u00f3s o registro da ocorr\u00eancia, a delegada Daniella Andrade instaurou inqu\u00e9rito policial, deu in\u00edcio \u00e0s investiga\u00e7\u00f5es e representou pela pris\u00e3o do poss\u00edvel autor, que foi preso na sexta-feira (23). Ele se encontra sob cust\u00f3dia da Pol\u00edcia Civil no Centro Integrado de Seguran\u00e7a P\u00fablica (Cisp) de S\u00e3o Jos\u00e9 da Tapera.<\/p>\n<p>Assessoria<\/p>\n","protected":false},"excerpt":{"rendered":"<p>Policiais civis da 2\u00aa Delegacia Regional de Pol\u00edcia (2\u00aa DRP), sob o comando da delegada Daniella Andrade,<\/p>\n","protected":false},"author":1,"featured_media":22255,"comment_status":"closed","ping_status":"open","sticky":false,"template":"","format":"standard","meta":{"footnotes":""},"categories":[60],"tags":[],"class_list":["post-22482","post","type-post","status-publish","format-standard","has-post-thumbnail","hentry","category-capa"],"_links":{"self":[{"href":"https:\/\/4cantosalagoas.com.br\/portal\/wp-json\/wp\/v2\/posts\/22482","targetHints":{"allow":["GET"]}}],"collection":[{"href":"https:\/\/4cantosalagoas.com.br\/portal\/wp-json\/wp\/v2\/posts"}],"about":[{"href":"https:\/\/4cantosalagoas.com.br\/portal\/wp-json\/wp\/v2\/types\/post"}],"author":[{"embeddable":true,"href":"https:\/\/4cantosalagoas.com.br\/portal\/wp-json\/wp\/v2\/users\/1"}],"replies":[{"embeddable":true,"href":"https:\/\/4cantosalagoas.com.br\/portal\/wp-json\/wp\/v2\/comments?post=22482"}],"version-history":[{"count":1,"href":"https:\/\/4cantosalagoas.com.br\/portal\/wp-json\/wp\/v2\/posts\/22482\/revisions"}],"predecessor-version":[{"id":22483,"href":"https:\/\/4cantosalagoas.com.br\/portal\/wp-json\/wp\/v2\/posts\/22482\/revisions\/22483"}],"wp:featuredmedia":[{"embeddable":true,"href":"https:\/\/4cantosalagoas.com.br\/portal\/wp-json\/wp\/v2\/media\/22255"}],"wp:attachment":[{"href":"https:\/\/4cantosalagoas.com.br\/portal\/wp-json\/wp\/v2\/media?parent=22482"}],"wp:term":[{"taxonomy":"category","embeddable":true,"href":"https:\/\/4cantosalagoas.com.br\/portal\/wp-json\/wp\/v2\/categories?post=22482"},{"taxonomy":"post_tag","embeddable":true,"href":"https:\/\/4cantosalagoas.com.br\/portal\/wp-json\/wp\/v2\/tags?post=22482"}],"curies":[{"name":"wp","href":"https:\/\/api.w.org\/{rel}","templated":true}]}}