{"id":22368,"date":"2024-02-06T10:19:58","date_gmt":"2024-02-06T13:19:58","guid":{"rendered":"https:\/\/4cantosalagoas.com.br\/portal\/?p=22368"},"modified":"2024-02-06T10:19:58","modified_gmt":"2024-02-06T13:19:58","slug":"cultura-divulga-lista-de-selecionados-que-assinaram-termo-de-execucao-da-lei-paulo-gustavo-alagoas","status":"publish","type":"post","link":"https:\/\/4cantosalagoas.com.br\/portal\/cultura-divulga-lista-de-selecionados-que-assinaram-termo-de-execucao-da-lei-paulo-gustavo-alagoas\/","title":{"rendered":"Cultura divulga lista de selecionados que assinaram termo de execu\u00e7\u00e3o da Lei Paulo Gustavo Alagoas"},"content":{"rendered":"<p>A Secretaria de Estado da Cultura e Economia Criativa de Alagoas (Secult) divulgou nesta segunda (5), no Di\u00e1rio Oficial do Estado, a lista dos agentes culturais que assinaram o Termo de Execu\u00e7\u00e3o dos projetos selecionados nos editais de concurso da Lei Paulo Gustavo Alagoas. Confira\u00a0<a href=\"https:\/\/diario.imprensaoficial.al.gov.br\/apinova\/api\/editions\/viewPdf\/49710\" target=\"_blank\" rel=\"noopener\">aqui<\/a>.<\/p>\n<p>&nbsp;<\/p>\n<p>A sele\u00e7\u00e3o dos projetos foi realizada em conformidade com o Decreto Estadual n\u00ba 93.967, de 11 de outubro de 2023, que regulamenta a aplica\u00e7\u00e3o da lei no estado. Os agentes culturais que tiveram seus projetos escolhidos firmaram o Termo de Execu\u00e7\u00e3o Cultural (TEC) junto \u00e0 Secult.<\/p>\n<p>&nbsp;<\/p>\n<p>De acordo com o Decreto n\u00ba 11.453\/2023, os TECs ter\u00e3o vig\u00eancia a partir da data de assinatura das partes at\u00e9 o dia 31 de dezembro de 2024. Isso permitir\u00e1 que os agentes culturais desenvolvam e executem suas a\u00e7\u00f5es culturais de acordo com o planejamento proposto nos projetos selecionados.<\/p>\n<p>&nbsp;<\/p>\n<p>&nbsp;<\/p>\n<p>\u201cA divulga\u00e7\u00e3o dessa lista representa mais um importante passo para impulsionar e fortalecer a produ\u00e7\u00e3o cultural em Alagoas, promovendo a diversidade e o enriquecimento do cen\u00e1rio art\u00edstico local. A pr\u00f3xima etapa \u00e9 o pagamento dos recursos para os selecionados, que deve ser realizado at\u00e9 o dia 9 de fevereiro\u201d, disse a secret\u00e1ria de Estado da Cultura e Economia Criativa, Mellina Freitas.<\/p>\n<p>Assessoria<\/p>\n","protected":false},"excerpt":{"rendered":"<p>A Secretaria de Estado da Cultura e Economia Criativa de Alagoas (Secult) divulgou nesta segunda (5), no<\/p>\n","protected":false},"author":1,"featured_media":22369,"comment_status":"closed","ping_status":"open","sticky":false,"template":"","format":"standard","meta":{"footnotes":""},"categories":[60],"tags":[],"class_list":["post-22368","post","type-post","status-publish","format-standard","has-post-thumbnail","hentry","category-capa"],"_links":{"self":[{"href":"https:\/\/4cantosalagoas.com.br\/portal\/wp-json\/wp\/v2\/posts\/22368","targetHints":{"allow":["GET"]}}],"collection":[{"href":"https:\/\/4cantosalagoas.com.br\/portal\/wp-json\/wp\/v2\/posts"}],"about":[{"href":"https:\/\/4cantosalagoas.com.br\/portal\/wp-json\/wp\/v2\/types\/post"}],"author":[{"embeddable":true,"href":"https:\/\/4cantosalagoas.com.br\/portal\/wp-json\/wp\/v2\/users\/1"}],"replies":[{"embeddable":true,"href":"https:\/\/4cantosalagoas.com.br\/portal\/wp-json\/wp\/v2\/comments?post=22368"}],"version-history":[{"count":1,"href":"https:\/\/4cantosalagoas.com.br\/portal\/wp-json\/wp\/v2\/posts\/22368\/revisions"}],"predecessor-version":[{"id":22370,"href":"https:\/\/4cantosalagoas.com.br\/portal\/wp-json\/wp\/v2\/posts\/22368\/revisions\/22370"}],"wp:featuredmedia":[{"embeddable":true,"href":"https:\/\/4cantosalagoas.com.br\/portal\/wp-json\/wp\/v2\/media\/22369"}],"wp:attachment":[{"href":"https:\/\/4cantosalagoas.com.br\/portal\/wp-json\/wp\/v2\/media?parent=22368"}],"wp:term":[{"taxonomy":"category","embeddable":true,"href":"https:\/\/4cantosalagoas.com.br\/portal\/wp-json\/wp\/v2\/categories?post=22368"},{"taxonomy":"post_tag","embeddable":true,"href":"https:\/\/4cantosalagoas.com.br\/portal\/wp-json\/wp\/v2\/tags?post=22368"}],"curies":[{"name":"wp","href":"https:\/\/api.w.org\/{rel}","templated":true}]}}